{"id":248227,"date":"2024-05-30T09:00:36","date_gmt":"2024-05-30T07:00:36","guid":{"rendered":"https:\/\/ppmhp.hr\/?p=248227"},"modified":"2024-05-24T13:51:52","modified_gmt":"2024-05-24T11:51:52","slug":"events-in-june-3","status":"publish","type":"post","link":"https:\/\/ppmhp.hr\/en\/events-in-june-3\/","title":{"rendered":"Events in June"},"content":{"rendered":"<p>THE GOVERNOR&#8217;S PALACE<br \/>\nTrg Riccarda Zanelle 1, Rijeka<br \/>\nHours: Mon: 9 a.m. \u2013 4 p.m., Tue-Sat: 9 a.m. \u2013 8 p.m., Sun: 9 a.m. \u2013 1 p.m.<br \/>\nClosed on holidays.<\/p>\n<p>\u2018MOUNTAIN OF CULTURE\u2019 PROJECT<br \/>\nexhibition conceived by: Denis Nepokoj<br \/>\norganizer: Maritime and History Museum of the Croatian Littoral Rijeka<br \/>\nco-organizers: Rijeka City Museum, Croatian Culture Hall in Su\u0161ak, Rijeka City Puppet Theatre, Rijeka City Library, Ivan Mateti\u0107 Ronjgov Music School, Ivan Mateti\u0107 Ronjgov Institute, Kombinat Association<br \/>\ndates: 3 to 30 June 2024<br \/>\nlocation: Maritime and History Museum of the Croatian Littoral Rijeka, Rijeka City Museum, Rijeka City Library<br \/>\nadmission free of charge<br \/>\n\u2018Mountain of Culture\u2019 is a project that links cultural institutions that foster the same or similar values and which, each in its own way, deals with heritage \u2013 cultural, cultural-historical, natural, archival, literary, theatrical or musical \u2013 or with the restoration of the movable and stationary heritage. Through the synergy of all participants, the project\u2019s goal is to offer themes and events to Rijeka residents and all lovers of culture that will occasionally \u2013 in search of new audiences \u2013 depart from comfort zones by bringing together the apparently incompatible, in order to contribute to an active perception of culture, underscore its significance in everyday life and make it so that heritage and care for it become a part of the culture of living for all of our citizens.<br \/>\nIn just under a month and in over twenty-five different programmes intended for a diversity of interests, knowledge levels and ages, the hill on which the Governor\u2019s Palace (i.e., the Museum and its garden) rests will become a place for meetings, entertainment, exchanges of experiences, socializing and learning from each other, a place to gain new insights that will reinforce old friendships and foster new ones and at which heritage will be presented in a new, leisurely and playful manner.<br \/>\nExhibitions and dancing, performances and lectures, guided tours and children\u2019s workshops and so much more will underscore the accessibility of heritage content and its significance, but also the need to appreciate and safeguard heritage as inestimably valuable evidence of our own identity.<\/p>\n<p>EVENTS AS PART OF THE MOUNTAIN OF CULTURE PROJECT<br \/>\nfrom 3 to 30 June<\/p>\n<p>3 June at 6 p.m.<br \/>\nMaritime and History Museum of the Croatian Littoral Rijeka<br \/>\nOpening of the Mountain of Culture and Opening of an exhibition of works produced in the Little Museum Atelier<\/p>\n<p>4 June at 10 a.m.<br \/>\nRijeka City Library<br \/>\nFrom Cigarettes to a Library, a guided tour through the Rijeka City Library\u2019s new building<\/p>\n<p>6 June at 5 p.m.<br \/>\nRijeka City Museum \u2013 Kockica<br \/>\nAlga Palace, lecture for the public<\/p>\n<p>My First Skin Cream, workshop for children<br \/>\nRecommended ages: 7 to 10 years<\/p>\n<p>8 June at 9 a.m.<br \/>\nMaritime and History Museum of the Croatian Littoral Rijeka<br \/>\nPri\u010dolinac, a storytelling workshop for children, Kombinat Association<br \/>\nRecommended age: preschool<\/p>\n<p>11 June at 5 p.m.<br \/>\nRijeka City Museum \u2013 Kockica<br \/>\n\u2018I, Curator\u2019, workshop for children<br \/>\nRecommended ages: 6 to 11 years<\/p>\n<p>11 June at 8 p.m.<br \/>\nMaritime and History Museum of the Croatian Littoral Rijeka<br \/>\nARTissue: Lineage [Kristina Paunovski], dance performance in virtual reality (VR), organized by: Croatian Culture Hall in Su\u0161ak<\/p>\n<p>12 June at 5 p.m.<br \/>\nRijeka City Museum \u2013 Sugar Palace<br \/>\nSugar Palace \u2013 renovation from foundations to roof, guided permanent display<\/p>\n<p>13 June at 10 a.m.<br \/>\nMaritime and History Museum of the Croatian Littoral Rijeka<br \/>\nMuseum\u2019s Garden \u2013 a park of learning and dreaming, guided tour of the garden<\/p>\n<p>14-16 June from 10 a.m. to 12 p.m.<br \/>\nMaritime and History Museum of the Croatian Littoral Rijeka<br \/>\nEuropean Archaeology Days<br \/>\n\u2018Mythical Gardeners\u2019, workshop for children<br \/>\nRecommended ages: 6 to 11 years<\/p>\n<p>15 June at 10 a.m.<br \/>\nRijeka City Museum \u2013 Kockica<br \/>\n30 years of the Rijeka City Museum, guided tour of exhibition<\/p>\n<p>15 June at 11 a.m.<br \/>\nRijeka City Museum \u2013 Sugar Palace<br \/>\nPermanent display, guided tour<\/p>\n<p>18 June<br \/>\nMaritime and History Museum of the Croatian Littoral Rijeka<br \/>\nSave Archaeology\/Escape Room, workshop for children<br \/>\nRecommended ages: 6 to 11 years<\/p>\n<p>19 June at 8 p.m.<br \/>\nMaritime and History Museum of the Croatian Littoral Rijeka<br \/>\nNecklace of Words, musical\/literary programme<br \/>\norganized by: Ivan Mateti\u0107 Ronjgov Institute<\/p>\n<p>21 June at 9 p.m.<br \/>\nMaritime and History Museum of the Croatian Littoral Rijeka<br \/>\nGala concert of the Ivan Mateti\u0107 Ronjgov Music School<br \/>\norganized by: Ivan Mateti\u0107 Ronjgov Music School<\/p>\n<p>25 June at 6 p.m.<br \/>\nMaritime and History Museum of the Croatian Littoral Rijeka<br \/>\n\u2018Speak, Puppet\u2019, creative art workshop for children and the whole family<br \/>\norganized by: Rijeka City Puppet Theatre<br \/>\nRecommended ages: 3 to 12 years (children aged 3-5 accompanied by parents)<\/p>\n<p>27 June at 5 p.m.<br \/>\nRijeka City Museum \u2013 Sugar Palace<br \/>\nThe Unknown Klimt \u2013 Love, Death, Ecstasy, and Klimt and the Far East, guided tours of exhibitions<\/p>\n<p>27 June at 7 p.m.<br \/>\nMaritime and History Museum of the Croatian Littoral Rijeka<br \/>\nRajka Jurdana, \u201cSakuramichi \u2013 Japan in 100 Pictures,\u201d lecture<\/p>\n<p>27 June from 10 a.m. to 12 p.m.<br \/>\nMaritime and History Museum of the Croatian Littoral Rijeka<br \/>\n\u2018Japanese Adventure\u2019, workshop for children<br \/>\nRecommended ages: 6 to 12 years<\/p>\n<p>EXHIBITION<br \/>\nMY JAPAN \u2013 EMPIRE OF SIGNS<br \/>\norganizer: Maritime and History Museum of the Croatian Littoral Rijeka<br \/>\nexhibition conceived by: Tea Perin\u010di\u0107<br \/>\ninstallation designer: Vera Ru\u017ei\u0107, Kabinet 13<br \/>\nphotographs: Hrvoje Franji\u0107<br \/>\nthe exhibition will remain open until 30 September 2024<br \/>\nThe exhibition features the parallel presentation of objects in the Museum\u2019s collection that originally came from Japan in the 19th and 20th centuries and stories from contemporary travellers about their experience of Japan, supplemented with their photographs and souvenirs.<\/p>\n<p>EXHIBITION<br \/>\nTOUCH THE WORLD<br \/>\norganizers: Maritime and History Museum of the Croatian Littoral Rijeka, Primorje-Gorski Kotar County Association of the Blind<br \/>\nconceived by: Ivo Mileusni\u0107<br \/>\ncollaboration and promotion: Filmaktiv Association<br \/>\nExhibition remains open until 25 September 2024<br \/>\nThe exhibition presents aids for the blind and visually impaired which the Primorje-Gorski Kotar County Association of the Blind donated to the Museum. The exhibition also displays the handicrafts and artworks made by the Association\u2019s members.<\/p>\n<p>MIRACLE ROOM<br \/>\nThe workshops for young creators are held in the Miracle Room at the Maritime and History Museum of the Croatian Littoral Rijeka and in the Museum\u2019s garden. Educational programmes are also being held at the remote collections.<\/p>\n<p>PROGRAMME<br \/>\nBIRTHDAY IN THE MUSEUM<br \/>\nEducational birthday workshops in the Maritime and History Museum of the Croatian Littoral Rijeka are aimed at children aged 4 to 12. The workshops are thematic, and the celebrants can choose from six available themes: \u2018Masquerade Ball,\u2019 \u2018The Trsat Dragon,\u2019 \u2018On-board Emergency,\u2019 \u2018Unusual Form,\u2019 \u2018Challenge Trail,\u2019 and \u2018Treasure Hunt.\u2019<br \/>\nThe programme will proceed in the Museum\u2019s premises. Must be arranged in advance.<\/p>\n<p>MIRACLE ROOM ON THE ROAD<br \/>\nMiracle Room on the Road is intended for children from distant schools, so that they can more easily participate in educational and creative programmes tied to the Museum\u2019s inventory and content, as well as segments of the local cultural and historical heritage.<\/p>\n<p>KASTAV REGIONAL MUSEUM COLLECTION<br \/>\nProlaz Ivana iz Kastva 1, Kastav<br \/>\nwinter hours: from 1 October 2023 to 1 June 2024<br \/>\nTuesdays and Thursdays: 10 a.m. \u2013 12 p.m.<br \/>\nWednesdays: 6 \u2013 8 p.m.<br \/>\nother days by arrangement<\/p>\n<p>EXHIBITION<br \/>\nFROM THE SCRAPBOOK (1940-1945)<br \/>\nconceived by: Marko Badurina, Matea Pli\u0161i\u0107<\/p>\n<p>The exhibition commemorates the end of the Second World War and Liberation Day for Kastav and the Kastav Region.<\/p>\n<p>LIPA REMEMBERS MEMORIAL CENTRE<br \/>\nLipa 35, \u0160apjane<br \/>\nHours: Tue, Thu, Fri: 10 a.m. \u2013 2 p.m.<br \/>\nWed: 12 \u2013 7 p.m.<br \/>\nSat: 10 a.m. \u2013 6 p.m.<br \/>\nClosed on Sundays, Mondays and holidays.<\/p>\n<p>KRALJEVICA SHIPYARD MODEL COLLECTION<br \/>\nVisits are possible by prior arrangement with the Museum and under the conditions stipulated by the Dalmont Shipyard in Kraljevica.<\/p>\n<p>CICKINI ARCHAEOLOGICAL COLLECTION, ISLAND OF KRK<br \/>\nVisits are possible by prior arrangement.<\/p>\n<p>&nbsp;<\/p>\n","protected":false},"excerpt":{"rendered":"<p>THE GOVERNOR&#8217;S PALACE Trg Riccarda Zanelle 1, Rijeka Hours: Mon: 9 a.m. \u2013 4 p.m., Tue-Sat: 9 a.m. \u2013 8 p.m., Sun: 9 a.m. \u2013 1 p.m. Closed on holidays. \u2018MOUNTAIN OF CULTURE\u2019 PROJECT exhibition conceived by: Denis Nepokoj organizer: Maritime and History Museum of the Croatian Littoral Rijeka co-organizers: Rijeka City Museum, Croatian Culture [&hellip;]<\/p>\n","protected":false},"author":11,"featured_media":246659,"comment_status":"open","ping_status":"open","sticky":false,"template":"","format":"standard","meta":{"_acf_changed":false,"_et_pb_use_builder":"","_et_pb_old_content":"","_et_gb_content_width":"","inline_featured_image":false,"footnotes":""},"categories":[497,530,531,532,507],"tags":[],"class_list":["post-248227","post","type-post","status-publish","format-standard","has-post-thumbnail","hentry","category-events","category-events-kastav","category-events-lipa","category-events-palace","category-featured"],"acf":[],"yoast_head":"<!-- This site is optimized with the Yoast SEO plugin v27.3 - https:\/\/yoast.com\/product\/yoast-seo-wordpress\/ -->\n<title>Events in June - Pomorski i povijesni muzej Hrvatskog primorja<\/title>\n<meta name=\"robots\" content=\"index, follow, max-snippet:-1, max-image-preview:large, max-video-preview:-1\" \/>\n<link rel=\"canonical\" href=\"https:\/\/ppmhp.hr\/en\/events-in-june-3\/\" \/>\n<meta property=\"og:locale\" content=\"en_US\" \/>\n<meta property=\"og:type\" content=\"article\" \/>\n<meta property=\"og:title\" content=\"Events in June - Pomorski i povijesni muzej Hrvatskog primorja\" \/>\n<meta property=\"og:description\" content=\"THE GOVERNOR&#8217;S PALACE Trg Riccarda Zanelle 1, Rijeka Hours: Mon: 9 a.m. \u2013 4 p.m., Tue-Sat: 9 a.m. \u2013 8 p.m., Sun: 9 a.m. \u2013 1 p.m. Closed on holidays. \u2018MOUNTAIN OF CULTURE\u2019 PROJECT exhibition conceived by: Denis Nepokoj organizer: Maritime and History Museum of the Croatian Littoral Rijeka co-organizers: Rijeka City Museum, Croatian Culture [&hellip;]\" \/>\n<meta property=\"og:url\" content=\"https:\/\/ppmhp.hr\/en\/events-in-june-3\/\" \/>\n<meta property=\"og:site_name\" content=\"Pomorski i povijesni muzej Hrvatskog primorja\" \/>\n<meta property=\"article:published_time\" content=\"2024-05-30T07:00:36+00:00\" \/>\n<meta property=\"og:image\" content=\"https:\/\/ppmhp.hr\/web\/wp-content\/uploads\/2023\/07\/ppmhp_rijeka_big_featured-e1689931843960.jpg\" \/>\n\t<meta property=\"og:image:width\" content=\"1920\" \/>\n\t<meta property=\"og:image:height\" content=\"1080\" \/>\n\t<meta property=\"og:image:type\" content=\"image\/jpeg\" \/>\n<meta name=\"author\" content=\"tiho\" \/>\n<meta name=\"twitter:card\" content=\"summary_large_image\" \/>\n<meta name=\"twitter:label1\" content=\"Written by\" \/>\n\t<meta name=\"twitter:data1\" content=\"tiho\" \/>\n\t<meta name=\"twitter:label2\" content=\"Est. reading time\" \/>\n\t<meta name=\"twitter:data2\" content=\"7 minutes\" \/>\n<script type=\"application\/ld+json\" class=\"yoast-schema-graph\">{\"@context\":\"https:\\\/\\\/schema.org\",\"@graph\":[{\"@type\":\"Article\",\"@id\":\"https:\\\/\\\/ppmhp.hr\\\/en\\\/events-in-june-3\\\/#article\",\"isPartOf\":{\"@id\":\"https:\\\/\\\/ppmhp.hr\\\/en\\\/events-in-june-3\\\/\"},\"author\":{\"name\":\"tiho\",\"@id\":\"https:\\\/\\\/ppmhp.hr\\\/en\\\/#\\\/schema\\\/person\\\/1cb9aa0dc41966f75ec24e248ae949bd\"},\"headline\":\"Events in June\",\"datePublished\":\"2024-05-30T07:00:36+00:00\",\"mainEntityOfPage\":{\"@id\":\"https:\\\/\\\/ppmhp.hr\\\/en\\\/events-in-june-3\\\/\"},\"wordCount\":1236,\"commentCount\":0,\"image\":{\"@id\":\"https:\\\/\\\/ppmhp.hr\\\/en\\\/events-in-june-3\\\/#primaryimage\"},\"thumbnailUrl\":\"https:\\\/\\\/ppmhp.hr\\\/web\\\/wp-content\\\/uploads\\\/2023\\\/07\\\/ppmhp_rijeka_big_featured-e1689931843960.jpg\",\"articleSection\":[\"Events\",\"Events Kastav\",\"Events Lipa\",\"Events Palace\",\"Featured\"],\"inLanguage\":\"en-US\",\"potentialAction\":[{\"@type\":\"CommentAction\",\"name\":\"Comment\",\"target\":[\"https:\\\/\\\/ppmhp.hr\\\/en\\\/events-in-june-3\\\/#respond\"]}]},{\"@type\":\"WebPage\",\"@id\":\"https:\\\/\\\/ppmhp.hr\\\/en\\\/events-in-june-3\\\/\",\"url\":\"https:\\\/\\\/ppmhp.hr\\\/en\\\/events-in-june-3\\\/\",\"name\":\"Events in June - Pomorski i povijesni muzej Hrvatskog primorja\",\"isPartOf\":{\"@id\":\"https:\\\/\\\/ppmhp.hr\\\/en\\\/#website\"},\"primaryImageOfPage\":{\"@id\":\"https:\\\/\\\/ppmhp.hr\\\/en\\\/events-in-june-3\\\/#primaryimage\"},\"image\":{\"@id\":\"https:\\\/\\\/ppmhp.hr\\\/en\\\/events-in-june-3\\\/#primaryimage\"},\"thumbnailUrl\":\"https:\\\/\\\/ppmhp.hr\\\/web\\\/wp-content\\\/uploads\\\/2023\\\/07\\\/ppmhp_rijeka_big_featured-e1689931843960.jpg\",\"datePublished\":\"2024-05-30T07:00:36+00:00\",\"author\":{\"@id\":\"https:\\\/\\\/ppmhp.hr\\\/en\\\/#\\\/schema\\\/person\\\/1cb9aa0dc41966f75ec24e248ae949bd\"},\"breadcrumb\":{\"@id\":\"https:\\\/\\\/ppmhp.hr\\\/en\\\/events-in-june-3\\\/#breadcrumb\"},\"inLanguage\":\"en-US\",\"potentialAction\":[{\"@type\":\"ReadAction\",\"target\":[\"https:\\\/\\\/ppmhp.hr\\\/en\\\/events-in-june-3\\\/\"]}]},{\"@type\":\"ImageObject\",\"inLanguage\":\"en-US\",\"@id\":\"https:\\\/\\\/ppmhp.hr\\\/en\\\/events-in-june-3\\\/#primaryimage\",\"url\":\"https:\\\/\\\/ppmhp.hr\\\/web\\\/wp-content\\\/uploads\\\/2023\\\/07\\\/ppmhp_rijeka_big_featured-e1689931843960.jpg\",\"contentUrl\":\"https:\\\/\\\/ppmhp.hr\\\/web\\\/wp-content\\\/uploads\\\/2023\\\/07\\\/ppmhp_rijeka_big_featured-e1689931843960.jpg\",\"width\":2000,\"height\":1333},{\"@type\":\"BreadcrumbList\",\"@id\":\"https:\\\/\\\/ppmhp.hr\\\/en\\\/events-in-june-3\\\/#breadcrumb\",\"itemListElement\":[{\"@type\":\"ListItem\",\"position\":1,\"name\":\"Po\u010detna stranica\",\"item\":\"https:\\\/\\\/ppmhp.hr\\\/en\\\/\"},{\"@type\":\"ListItem\",\"position\":2,\"name\":\"Events in June\"}]},{\"@type\":\"WebSite\",\"@id\":\"https:\\\/\\\/ppmhp.hr\\\/en\\\/#website\",\"url\":\"https:\\\/\\\/ppmhp.hr\\\/en\\\/\",\"name\":\"Pomorski i povijesni muzej Hrvatskog primorja\",\"description\":\"Guvernerova Pala\u010da \\\/ Memorijalni centar Lipa pamti \\\/ Muzejska zbirka Kastav\u0161tine\",\"potentialAction\":[{\"@type\":\"SearchAction\",\"target\":{\"@type\":\"EntryPoint\",\"urlTemplate\":\"https:\\\/\\\/ppmhp.hr\\\/en\\\/?s={search_term_string}\"},\"query-input\":{\"@type\":\"PropertyValueSpecification\",\"valueRequired\":true,\"valueName\":\"search_term_string\"}}],\"inLanguage\":\"en-US\"},{\"@type\":\"Person\",\"@id\":\"https:\\\/\\\/ppmhp.hr\\\/en\\\/#\\\/schema\\\/person\\\/1cb9aa0dc41966f75ec24e248ae949bd\",\"name\":\"tiho\",\"image\":{\"@type\":\"ImageObject\",\"inLanguage\":\"en-US\",\"@id\":\"https:\\\/\\\/secure.gravatar.com\\\/avatar\\\/0602550aa16592bef1fdd0f6c245025039c29b453d92fe631b91bfd53e9361c2?s=96&d=mm&r=g\",\"url\":\"https:\\\/\\\/secure.gravatar.com\\\/avatar\\\/0602550aa16592bef1fdd0f6c245025039c29b453d92fe631b91bfd53e9361c2?s=96&d=mm&r=g\",\"contentUrl\":\"https:\\\/\\\/secure.gravatar.com\\\/avatar\\\/0602550aa16592bef1fdd0f6c245025039c29b453d92fe631b91bfd53e9361c2?s=96&d=mm&r=g\",\"caption\":\"tiho\"}}]}<\/script>\n<!-- \/ Yoast SEO plugin. -->","yoast_head_json":{"title":"Events in June - Pomorski i povijesni muzej Hrvatskog primorja","robots":{"index":"index","follow":"follow","max-snippet":"max-snippet:-1","max-image-preview":"max-image-preview:large","max-video-preview":"max-video-preview:-1"},"canonical":"https:\/\/ppmhp.hr\/en\/events-in-june-3\/","og_locale":"en_US","og_type":"article","og_title":"Events in June - Pomorski i povijesni muzej Hrvatskog primorja","og_description":"THE GOVERNOR&#8217;S PALACE Trg Riccarda Zanelle 1, Rijeka Hours: Mon: 9 a.m. \u2013 4 p.m., Tue-Sat: 9 a.m. \u2013 8 p.m., Sun: 9 a.m. \u2013 1 p.m. Closed on holidays. \u2018MOUNTAIN OF CULTURE\u2019 PROJECT exhibition conceived by: Denis Nepokoj organizer: Maritime and History Museum of the Croatian Littoral Rijeka co-organizers: Rijeka City Museum, Croatian Culture [&hellip;]","og_url":"https:\/\/ppmhp.hr\/en\/events-in-june-3\/","og_site_name":"Pomorski i povijesni muzej Hrvatskog primorja","article_published_time":"2024-05-30T07:00:36+00:00","og_image":[{"width":1920,"height":1080,"url":"https:\/\/ppmhp.hr\/web\/wp-content\/uploads\/2023\/07\/ppmhp_rijeka_big_featured-e1689931843960.jpg","type":"image\/jpeg"}],"author":"tiho","twitter_card":"summary_large_image","twitter_misc":{"Written by":"tiho","Est. reading time":"7 minutes"},"schema":{"@context":"https:\/\/schema.org","@graph":[{"@type":"Article","@id":"https:\/\/ppmhp.hr\/en\/events-in-june-3\/#article","isPartOf":{"@id":"https:\/\/ppmhp.hr\/en\/events-in-june-3\/"},"author":{"name":"tiho","@id":"https:\/\/ppmhp.hr\/en\/#\/schema\/person\/1cb9aa0dc41966f75ec24e248ae949bd"},"headline":"Events in June","datePublished":"2024-05-30T07:00:36+00:00","mainEntityOfPage":{"@id":"https:\/\/ppmhp.hr\/en\/events-in-june-3\/"},"wordCount":1236,"commentCount":0,"image":{"@id":"https:\/\/ppmhp.hr\/en\/events-in-june-3\/#primaryimage"},"thumbnailUrl":"https:\/\/ppmhp.hr\/web\/wp-content\/uploads\/2023\/07\/ppmhp_rijeka_big_featured-e1689931843960.jpg","articleSection":["Events","Events Kastav","Events Lipa","Events Palace","Featured"],"inLanguage":"en-US","potentialAction":[{"@type":"CommentAction","name":"Comment","target":["https:\/\/ppmhp.hr\/en\/events-in-june-3\/#respond"]}]},{"@type":"WebPage","@id":"https:\/\/ppmhp.hr\/en\/events-in-june-3\/","url":"https:\/\/ppmhp.hr\/en\/events-in-june-3\/","name":"Events in June - Pomorski i povijesni muzej Hrvatskog primorja","isPartOf":{"@id":"https:\/\/ppmhp.hr\/en\/#website"},"primaryImageOfPage":{"@id":"https:\/\/ppmhp.hr\/en\/events-in-june-3\/#primaryimage"},"image":{"@id":"https:\/\/ppmhp.hr\/en\/events-in-june-3\/#primaryimage"},"thumbnailUrl":"https:\/\/ppmhp.hr\/web\/wp-content\/uploads\/2023\/07\/ppmhp_rijeka_big_featured-e1689931843960.jpg","datePublished":"2024-05-30T07:00:36+00:00","author":{"@id":"https:\/\/ppmhp.hr\/en\/#\/schema\/person\/1cb9aa0dc41966f75ec24e248ae949bd"},"breadcrumb":{"@id":"https:\/\/ppmhp.hr\/en\/events-in-june-3\/#breadcrumb"},"inLanguage":"en-US","potentialAction":[{"@type":"ReadAction","target":["https:\/\/ppmhp.hr\/en\/events-in-june-3\/"]}]},{"@type":"ImageObject","inLanguage":"en-US","@id":"https:\/\/ppmhp.hr\/en\/events-in-june-3\/#primaryimage","url":"https:\/\/ppmhp.hr\/web\/wp-content\/uploads\/2023\/07\/ppmhp_rijeka_big_featured-e1689931843960.jpg","contentUrl":"https:\/\/ppmhp.hr\/web\/wp-content\/uploads\/2023\/07\/ppmhp_rijeka_big_featured-e1689931843960.jpg","width":2000,"height":1333},{"@type":"BreadcrumbList","@id":"https:\/\/ppmhp.hr\/en\/events-in-june-3\/#breadcrumb","itemListElement":[{"@type":"ListItem","position":1,"name":"Po\u010detna stranica","item":"https:\/\/ppmhp.hr\/en\/"},{"@type":"ListItem","position":2,"name":"Events in June"}]},{"@type":"WebSite","@id":"https:\/\/ppmhp.hr\/en\/#website","url":"https:\/\/ppmhp.hr\/en\/","name":"Pomorski i povijesni muzej Hrvatskog primorja","description":"Guvernerova Pala\u010da \/ Memorijalni centar Lipa pamti \/ Muzejska zbirka Kastav\u0161tine","potentialAction":[{"@type":"SearchAction","target":{"@type":"EntryPoint","urlTemplate":"https:\/\/ppmhp.hr\/en\/?s={search_term_string}"},"query-input":{"@type":"PropertyValueSpecification","valueRequired":true,"valueName":"search_term_string"}}],"inLanguage":"en-US"},{"@type":"Person","@id":"https:\/\/ppmhp.hr\/en\/#\/schema\/person\/1cb9aa0dc41966f75ec24e248ae949bd","name":"tiho","image":{"@type":"ImageObject","inLanguage":"en-US","@id":"https:\/\/secure.gravatar.com\/avatar\/0602550aa16592bef1fdd0f6c245025039c29b453d92fe631b91bfd53e9361c2?s=96&d=mm&r=g","url":"https:\/\/secure.gravatar.com\/avatar\/0602550aa16592bef1fdd0f6c245025039c29b453d92fe631b91bfd53e9361c2?s=96&d=mm&r=g","contentUrl":"https:\/\/secure.gravatar.com\/avatar\/0602550aa16592bef1fdd0f6c245025039c29b453d92fe631b91bfd53e9361c2?s=96&d=mm&r=g","caption":"tiho"}}]}},"_links":{"self":[{"href":"https:\/\/ppmhp.hr\/en\/wp-json\/wp\/v2\/posts\/248227","targetHints":{"allow":["GET"]}}],"collection":[{"href":"https:\/\/ppmhp.hr\/en\/wp-json\/wp\/v2\/posts"}],"about":[{"href":"https:\/\/ppmhp.hr\/en\/wp-json\/wp\/v2\/types\/post"}],"author":[{"embeddable":true,"href":"https:\/\/ppmhp.hr\/en\/wp-json\/wp\/v2\/users\/11"}],"replies":[{"embeddable":true,"href":"https:\/\/ppmhp.hr\/en\/wp-json\/wp\/v2\/comments?post=248227"}],"version-history":[{"count":0,"href":"https:\/\/ppmhp.hr\/en\/wp-json\/wp\/v2\/posts\/248227\/revisions"}],"wp:featuredmedia":[{"embeddable":true,"href":"https:\/\/ppmhp.hr\/en\/wp-json\/wp\/v2\/media\/246659"}],"wp:attachment":[{"href":"https:\/\/ppmhp.hr\/en\/wp-json\/wp\/v2\/media?parent=248227"}],"wp:term":[{"taxonomy":"category","embeddable":true,"href":"https:\/\/ppmhp.hr\/en\/wp-json\/wp\/v2\/categories?post=248227"},{"taxonomy":"post_tag","embeddable":true,"href":"https:\/\/ppmhp.hr\/en\/wp-json\/wp\/v2\/tags?post=248227"}],"curies":[{"name":"wp","href":"https:\/\/api.w.org\/{rel}","templated":true}]}}