{"id":248193,"date":"2024-05-14T09:39:58","date_gmt":"2024-05-14T07:39:58","guid":{"rendered":"https:\/\/ppmhp.hr\/?p=248193"},"modified":"2024-05-14T09:39:58","modified_gmt":"2024-05-14T07:39:58","slug":"my-japan","status":"publish","type":"post","link":"https:\/\/ppmhp.hr\/en\/my-japan\/","title":{"rendered":"My Japan"},"content":{"rendered":"<p>Author of the exhibition: Dr. Tea Perin\u010di\u0107, Museum Advisor<br \/>\nDesigner: Vera Ru\u017ei\u0107, Cabinet 13<br \/>\nThe exhibition will open on May 17 at 7 p.m., on the eve of International Museum Day.<br \/>\n<strong>It will take place in the exhibition space of the Museum in the Governor&#8217;s Palace and will remain open to visitors until September 30, 2024.<\/strong><\/p>\n<p>The exhibition features objects from Japan, dating from the 19th and 20th centuries, that are part of the Museum&#8217;s holdings. It also showcases stories about Japan from contemporary travelers, along with their photos and souvenirs. About forty people participated in the exhibition&#8217;s creation, including sailors, intending travelers, athletes, business people, students, and tourists. Through their experiences, visitors will have the opportunity to explore Japan&#8217;s unique culture and history.<\/p>\n<p>&nbsp;The exhibition also provides a chance to view items from the Museum&#8217;s holdings that originate from Japan and were once part of the Collection of Exotics.<\/p>\n<p>The exhibition is part of the Japan in Rijeka program, which is conducted by Peek&amp;Poke.<\/p>\n","protected":false},"excerpt":{"rendered":"<p>Author of the exhibition: Dr. Tea Perin\u010di\u0107, Museum Advisor Designer: Vera Ru\u017ei\u0107, Cabinet 13 The exhibition will open on May 17 at 7 p.m., on the eve of International Museum Day. It will take place in the exhibition space of the Museum in the Governor&#8217;s Palace and will remain open to visitors until September 30, [&hellip;]<\/p>\n","protected":false},"author":11,"featured_media":246658,"comment_status":"open","ping_status":"open","sticky":false,"template":"","format":"standard","meta":{"_acf_changed":false,"_et_pb_use_builder":"","_et_pb_old_content":"","_et_gb_content_width":"","inline_featured_image":false,"footnotes":""},"categories":[497,532,437,535,507],"tags":[],"class_list":["post-248193","post","type-post","status-publish","format-standard","has-post-thumbnail","hentry","category-events","category-events-palace","category-exhibitions","category-exibitions-palace","category-featured"],"acf":[],"yoast_head":"<!-- This site is optimized with the Yoast SEO plugin v27.3 - https:\/\/yoast.com\/product\/yoast-seo-wordpress\/ -->\n<title>My Japan - Pomorski i povijesni muzej Hrvatskog primorja<\/title>\n<meta name=\"robots\" content=\"index, follow, max-snippet:-1, max-image-preview:large, max-video-preview:-1\" \/>\n<link rel=\"canonical\" href=\"https:\/\/ppmhp.hr\/en\/my-japan\/\" \/>\n<meta property=\"og:locale\" content=\"en_US\" \/>\n<meta property=\"og:type\" content=\"article\" \/>\n<meta property=\"og:title\" content=\"My Japan - Pomorski i povijesni muzej Hrvatskog primorja\" \/>\n<meta property=\"og:description\" content=\"Author of the exhibition: Dr. Tea Perin\u010di\u0107, Museum Advisor Designer: Vera Ru\u017ei\u0107, Cabinet 13 The exhibition will open on May 17 at 7 p.m., on the eve of International Museum Day. It will take place in the exhibition space of the Museum in the Governor&#8217;s Palace and will remain open to visitors until September 30, [&hellip;]\" \/>\n<meta property=\"og:url\" content=\"https:\/\/ppmhp.hr\/en\/my-japan\/\" \/>\n<meta property=\"og:site_name\" content=\"Pomorski i povijesni muzej Hrvatskog primorja\" \/>\n<meta property=\"article:published_time\" content=\"2024-05-14T07:39:58+00:00\" \/>\n<meta property=\"og:image\" content=\"https:\/\/ppmhp.hr\/web\/wp-content\/uploads\/2023\/07\/ppmhp_rijeka_big_featured-e1689931843960.jpg\" \/>\n\t<meta property=\"og:image:width\" content=\"1920\" \/>\n\t<meta property=\"og:image:height\" content=\"1080\" \/>\n\t<meta property=\"og:image:type\" content=\"image\/jpeg\" \/>\n<meta name=\"author\" content=\"tiho\" \/>\n<meta name=\"twitter:card\" content=\"summary_large_image\" \/>\n<meta name=\"twitter:label1\" content=\"Written by\" \/>\n\t<meta name=\"twitter:data1\" content=\"tiho\" \/>\n\t<meta name=\"twitter:label2\" content=\"Est. reading time\" \/>\n\t<meta name=\"twitter:data2\" content=\"1 minute\" \/>\n<script type=\"application\/ld+json\" class=\"yoast-schema-graph\">{\"@context\":\"https:\\\/\\\/schema.org\",\"@graph\":[{\"@type\":\"Article\",\"@id\":\"https:\\\/\\\/ppmhp.hr\\\/en\\\/my-japan\\\/#article\",\"isPartOf\":{\"@id\":\"https:\\\/\\\/ppmhp.hr\\\/en\\\/my-japan\\\/\"},\"author\":{\"name\":\"tiho\",\"@id\":\"https:\\\/\\\/ppmhp.hr\\\/en\\\/#\\\/schema\\\/person\\\/1cb9aa0dc41966f75ec24e248ae949bd\"},\"headline\":\"My Japan\",\"datePublished\":\"2024-05-14T07:39:58+00:00\",\"mainEntityOfPage\":{\"@id\":\"https:\\\/\\\/ppmhp.hr\\\/en\\\/my-japan\\\/\"},\"wordCount\":173,\"commentCount\":0,\"image\":{\"@id\":\"https:\\\/\\\/ppmhp.hr\\\/en\\\/my-japan\\\/#primaryimage\"},\"thumbnailUrl\":\"https:\\\/\\\/ppmhp.hr\\\/web\\\/wp-content\\\/uploads\\\/2023\\\/07\\\/ppmhp_rijeka_big_featured-e1689931843960.jpg\",\"articleSection\":[\"Events\",\"Events Palace\",\"Exhibitions\",\"Exibitions Palace\",\"Featured\"],\"inLanguage\":\"en-US\",\"potentialAction\":[{\"@type\":\"CommentAction\",\"name\":\"Comment\",\"target\":[\"https:\\\/\\\/ppmhp.hr\\\/en\\\/my-japan\\\/#respond\"]}]},{\"@type\":\"WebPage\",\"@id\":\"https:\\\/\\\/ppmhp.hr\\\/en\\\/my-japan\\\/\",\"url\":\"https:\\\/\\\/ppmhp.hr\\\/en\\\/my-japan\\\/\",\"name\":\"My Japan - Pomorski i povijesni muzej Hrvatskog primorja\",\"isPartOf\":{\"@id\":\"https:\\\/\\\/ppmhp.hr\\\/en\\\/#website\"},\"primaryImageOfPage\":{\"@id\":\"https:\\\/\\\/ppmhp.hr\\\/en\\\/my-japan\\\/#primaryimage\"},\"image\":{\"@id\":\"https:\\\/\\\/ppmhp.hr\\\/en\\\/my-japan\\\/#primaryimage\"},\"thumbnailUrl\":\"https:\\\/\\\/ppmhp.hr\\\/web\\\/wp-content\\\/uploads\\\/2023\\\/07\\\/ppmhp_rijeka_big_featured-e1689931843960.jpg\",\"datePublished\":\"2024-05-14T07:39:58+00:00\",\"author\":{\"@id\":\"https:\\\/\\\/ppmhp.hr\\\/en\\\/#\\\/schema\\\/person\\\/1cb9aa0dc41966f75ec24e248ae949bd\"},\"breadcrumb\":{\"@id\":\"https:\\\/\\\/ppmhp.hr\\\/en\\\/my-japan\\\/#breadcrumb\"},\"inLanguage\":\"en-US\",\"potentialAction\":[{\"@type\":\"ReadAction\",\"target\":[\"https:\\\/\\\/ppmhp.hr\\\/en\\\/my-japan\\\/\"]}]},{\"@type\":\"ImageObject\",\"inLanguage\":\"en-US\",\"@id\":\"https:\\\/\\\/ppmhp.hr\\\/en\\\/my-japan\\\/#primaryimage\",\"url\":\"https:\\\/\\\/ppmhp.hr\\\/web\\\/wp-content\\\/uploads\\\/2023\\\/07\\\/ppmhp_rijeka_big_featured-e1689931843960.jpg\",\"contentUrl\":\"https:\\\/\\\/ppmhp.hr\\\/web\\\/wp-content\\\/uploads\\\/2023\\\/07\\\/ppmhp_rijeka_big_featured-e1689931843960.jpg\",\"width\":1920,\"height\":1080},{\"@type\":\"BreadcrumbList\",\"@id\":\"https:\\\/\\\/ppmhp.hr\\\/en\\\/my-japan\\\/#breadcrumb\",\"itemListElement\":[{\"@type\":\"ListItem\",\"position\":1,\"name\":\"Po\u010detna stranica\",\"item\":\"https:\\\/\\\/ppmhp.hr\\\/en\\\/\"},{\"@type\":\"ListItem\",\"position\":2,\"name\":\"My Japan\"}]},{\"@type\":\"WebSite\",\"@id\":\"https:\\\/\\\/ppmhp.hr\\\/en\\\/#website\",\"url\":\"https:\\\/\\\/ppmhp.hr\\\/en\\\/\",\"name\":\"Pomorski i povijesni muzej Hrvatskog primorja\",\"description\":\"Guvernerova Pala\u010da \\\/ Memorijalni centar Lipa pamti \\\/ Muzejska zbirka Kastav\u0161tine\",\"potentialAction\":[{\"@type\":\"SearchAction\",\"target\":{\"@type\":\"EntryPoint\",\"urlTemplate\":\"https:\\\/\\\/ppmhp.hr\\\/en\\\/?s={search_term_string}\"},\"query-input\":{\"@type\":\"PropertyValueSpecification\",\"valueRequired\":true,\"valueName\":\"search_term_string\"}}],\"inLanguage\":\"en-US\"},{\"@type\":\"Person\",\"@id\":\"https:\\\/\\\/ppmhp.hr\\\/en\\\/#\\\/schema\\\/person\\\/1cb9aa0dc41966f75ec24e248ae949bd\",\"name\":\"tiho\",\"image\":{\"@type\":\"ImageObject\",\"inLanguage\":\"en-US\",\"@id\":\"https:\\\/\\\/secure.gravatar.com\\\/avatar\\\/0602550aa16592bef1fdd0f6c245025039c29b453d92fe631b91bfd53e9361c2?s=96&d=mm&r=g\",\"url\":\"https:\\\/\\\/secure.gravatar.com\\\/avatar\\\/0602550aa16592bef1fdd0f6c245025039c29b453d92fe631b91bfd53e9361c2?s=96&d=mm&r=g\",\"contentUrl\":\"https:\\\/\\\/secure.gravatar.com\\\/avatar\\\/0602550aa16592bef1fdd0f6c245025039c29b453d92fe631b91bfd53e9361c2?s=96&d=mm&r=g\",\"caption\":\"tiho\"}}]}<\/script>\n<!-- \/ Yoast SEO plugin. -->","yoast_head_json":{"title":"My Japan - Pomorski i povijesni muzej Hrvatskog primorja","robots":{"index":"index","follow":"follow","max-snippet":"max-snippet:-1","max-image-preview":"max-image-preview:large","max-video-preview":"max-video-preview:-1"},"canonical":"https:\/\/ppmhp.hr\/en\/my-japan\/","og_locale":"en_US","og_type":"article","og_title":"My Japan - Pomorski i povijesni muzej Hrvatskog primorja","og_description":"Author of the exhibition: Dr. Tea Perin\u010di\u0107, Museum Advisor Designer: Vera Ru\u017ei\u0107, Cabinet 13 The exhibition will open on May 17 at 7 p.m., on the eve of International Museum Day. It will take place in the exhibition space of the Museum in the Governor&#8217;s Palace and will remain open to visitors until September 30, [&hellip;]","og_url":"https:\/\/ppmhp.hr\/en\/my-japan\/","og_site_name":"Pomorski i povijesni muzej Hrvatskog primorja","article_published_time":"2024-05-14T07:39:58+00:00","og_image":[{"width":1920,"height":1080,"url":"https:\/\/ppmhp.hr\/web\/wp-content\/uploads\/2023\/07\/ppmhp_rijeka_big_featured-e1689931843960.jpg","type":"image\/jpeg"}],"author":"tiho","twitter_card":"summary_large_image","twitter_misc":{"Written by":"tiho","Est. reading time":"1 minute"},"schema":{"@context":"https:\/\/schema.org","@graph":[{"@type":"Article","@id":"https:\/\/ppmhp.hr\/en\/my-japan\/#article","isPartOf":{"@id":"https:\/\/ppmhp.hr\/en\/my-japan\/"},"author":{"name":"tiho","@id":"https:\/\/ppmhp.hr\/en\/#\/schema\/person\/1cb9aa0dc41966f75ec24e248ae949bd"},"headline":"My Japan","datePublished":"2024-05-14T07:39:58+00:00","mainEntityOfPage":{"@id":"https:\/\/ppmhp.hr\/en\/my-japan\/"},"wordCount":173,"commentCount":0,"image":{"@id":"https:\/\/ppmhp.hr\/en\/my-japan\/#primaryimage"},"thumbnailUrl":"https:\/\/ppmhp.hr\/web\/wp-content\/uploads\/2023\/07\/ppmhp_rijeka_big_featured-e1689931843960.jpg","articleSection":["Events","Events Palace","Exhibitions","Exibitions Palace","Featured"],"inLanguage":"en-US","potentialAction":[{"@type":"CommentAction","name":"Comment","target":["https:\/\/ppmhp.hr\/en\/my-japan\/#respond"]}]},{"@type":"WebPage","@id":"https:\/\/ppmhp.hr\/en\/my-japan\/","url":"https:\/\/ppmhp.hr\/en\/my-japan\/","name":"My Japan - Pomorski i povijesni muzej Hrvatskog primorja","isPartOf":{"@id":"https:\/\/ppmhp.hr\/en\/#website"},"primaryImageOfPage":{"@id":"https:\/\/ppmhp.hr\/en\/my-japan\/#primaryimage"},"image":{"@id":"https:\/\/ppmhp.hr\/en\/my-japan\/#primaryimage"},"thumbnailUrl":"https:\/\/ppmhp.hr\/web\/wp-content\/uploads\/2023\/07\/ppmhp_rijeka_big_featured-e1689931843960.jpg","datePublished":"2024-05-14T07:39:58+00:00","author":{"@id":"https:\/\/ppmhp.hr\/en\/#\/schema\/person\/1cb9aa0dc41966f75ec24e248ae949bd"},"breadcrumb":{"@id":"https:\/\/ppmhp.hr\/en\/my-japan\/#breadcrumb"},"inLanguage":"en-US","potentialAction":[{"@type":"ReadAction","target":["https:\/\/ppmhp.hr\/en\/my-japan\/"]}]},{"@type":"ImageObject","inLanguage":"en-US","@id":"https:\/\/ppmhp.hr\/en\/my-japan\/#primaryimage","url":"https:\/\/ppmhp.hr\/web\/wp-content\/uploads\/2023\/07\/ppmhp_rijeka_big_featured-e1689931843960.jpg","contentUrl":"https:\/\/ppmhp.hr\/web\/wp-content\/uploads\/2023\/07\/ppmhp_rijeka_big_featured-e1689931843960.jpg","width":1920,"height":1080},{"@type":"BreadcrumbList","@id":"https:\/\/ppmhp.hr\/en\/my-japan\/#breadcrumb","itemListElement":[{"@type":"ListItem","position":1,"name":"Po\u010detna stranica","item":"https:\/\/ppmhp.hr\/en\/"},{"@type":"ListItem","position":2,"name":"My Japan"}]},{"@type":"WebSite","@id":"https:\/\/ppmhp.hr\/en\/#website","url":"https:\/\/ppmhp.hr\/en\/","name":"Pomorski i povijesni muzej Hrvatskog primorja","description":"Guvernerova Pala\u010da \/ Memorijalni centar Lipa pamti \/ Muzejska zbirka Kastav\u0161tine","potentialAction":[{"@type":"SearchAction","target":{"@type":"EntryPoint","urlTemplate":"https:\/\/ppmhp.hr\/en\/?s={search_term_string}"},"query-input":{"@type":"PropertyValueSpecification","valueRequired":true,"valueName":"search_term_string"}}],"inLanguage":"en-US"},{"@type":"Person","@id":"https:\/\/ppmhp.hr\/en\/#\/schema\/person\/1cb9aa0dc41966f75ec24e248ae949bd","name":"tiho","image":{"@type":"ImageObject","inLanguage":"en-US","@id":"https:\/\/secure.gravatar.com\/avatar\/0602550aa16592bef1fdd0f6c245025039c29b453d92fe631b91bfd53e9361c2?s=96&d=mm&r=g","url":"https:\/\/secure.gravatar.com\/avatar\/0602550aa16592bef1fdd0f6c245025039c29b453d92fe631b91bfd53e9361c2?s=96&d=mm&r=g","contentUrl":"https:\/\/secure.gravatar.com\/avatar\/0602550aa16592bef1fdd0f6c245025039c29b453d92fe631b91bfd53e9361c2?s=96&d=mm&r=g","caption":"tiho"}}]}},"_links":{"self":[{"href":"https:\/\/ppmhp.hr\/en\/wp-json\/wp\/v2\/posts\/248193","targetHints":{"allow":["GET"]}}],"collection":[{"href":"https:\/\/ppmhp.hr\/en\/wp-json\/wp\/v2\/posts"}],"about":[{"href":"https:\/\/ppmhp.hr\/en\/wp-json\/wp\/v2\/types\/post"}],"author":[{"embeddable":true,"href":"https:\/\/ppmhp.hr\/en\/wp-json\/wp\/v2\/users\/11"}],"replies":[{"embeddable":true,"href":"https:\/\/ppmhp.hr\/en\/wp-json\/wp\/v2\/comments?post=248193"}],"version-history":[{"count":0,"href":"https:\/\/ppmhp.hr\/en\/wp-json\/wp\/v2\/posts\/248193\/revisions"}],"wp:featuredmedia":[{"embeddable":true,"href":"https:\/\/ppmhp.hr\/en\/wp-json\/wp\/v2\/media\/246658"}],"wp:attachment":[{"href":"https:\/\/ppmhp.hr\/en\/wp-json\/wp\/v2\/media?parent=248193"}],"wp:term":[{"taxonomy":"category","embeddable":true,"href":"https:\/\/ppmhp.hr\/en\/wp-json\/wp\/v2\/categories?post=248193"},{"taxonomy":"post_tag","embeddable":true,"href":"https:\/\/ppmhp.hr\/en\/wp-json\/wp\/v2\/tags?post=248193"}],"curies":[{"name":"wp","href":"https:\/\/api.w.org\/{rel}","templated":true}]}}