{"id":247384,"date":"2024-01-24T14:26:02","date_gmt":"2024-01-24T13:26:02","guid":{"rendered":"https:\/\/ppmhp.hr\/oblog-na-blog\/"},"modified":"2024-05-03T08:46:52","modified_gmt":"2024-05-03T06:46:52","slug":"oblog-na-blog","status":"publish","type":"post","link":"https:\/\/ppmhp.hr\/en\/oblog-na-blog\/","title":{"rendered":"Blogging about the blog"},"content":{"rendered":"<p>organizer: Maritime and History Museum of the Croatian Littoral Rijeka<br \/>\nconceived by: Denis Nepokoj<br \/>\ndesign: Vesna Ro\u017eman<br \/>\neducational programme: Iva Volovi\u0107<br \/>\nset-up: Dino Markovi\u0107, Darko Takali\u0107<br \/>\nexhibition is open from 26 January to 31 March 2024<\/p>\n<p>The exhibition Blogging About the Blog features a selection of texts that were posted on the Museum\u2019s FB page and its Blog during 2023, as well as the items that were the subject of these FB and blog posts. These are texts that covered exponents from the Museum\u2019s inventory and activities in a different, more leisurely fashion, adapted to an audience that does not necessarily consist of Museum patrons but are users of social media. Besides so-called museum stories, the texts are tied to important dates in Croatian history, current events in the world that can also be presented through the prism of the museum practices and heritage protection, but always with exponents from the museum\u2019s collections. One post\/one item conveys the wealth of materials held by the Museum, interesting museum stories and \u201cbehind the scenes\u201d museum work.<\/p>\n","protected":false},"excerpt":{"rendered":"<p>organizer: Maritime and History Museum of the Croatian Littoral Rijeka conceived by: Denis Nepokoj design: Vesna Ro\u017eman educational programme: Iva Volovi\u0107 set-up: Dino Markovi\u0107, Darko Takali\u0107 exhibition is open from 26 January to 31 March 2024 The exhibition Blogging About the Blog features a selection of texts that were posted on the Museum\u2019s FB page [&hellip;]<\/p>\n","protected":false},"author":11,"featured_media":247369,"comment_status":"open","ping_status":"open","sticky":false,"template":"","format":"standard","meta":{"_acf_changed":false,"_et_pb_use_builder":"","_et_pb_old_content":"","_et_gb_content_width":"","inline_featured_image":false,"footnotes":""},"categories":[497,532,437,535,507],"tags":[],"class_list":["post-247384","post","type-post","status-publish","format-standard","has-post-thumbnail","hentry","category-events","category-events-palace","category-exhibitions","category-exibitions-palace","category-featured"],"acf":[],"yoast_head":"<!-- This site is optimized with the Yoast SEO plugin v27.3 - https:\/\/yoast.com\/product\/yoast-seo-wordpress\/ -->\n<title>Blogging about the blog - Pomorski i povijesni muzej Hrvatskog primorja<\/title>\n<meta name=\"robots\" content=\"index, follow, max-snippet:-1, max-image-preview:large, max-video-preview:-1\" \/>\n<link rel=\"canonical\" href=\"https:\/\/ppmhp.hr\/en\/oblog-na-blog\/\" \/>\n<meta property=\"og:locale\" content=\"en_US\" \/>\n<meta property=\"og:type\" content=\"article\" \/>\n<meta property=\"og:title\" content=\"Blogging about the blog - Pomorski i povijesni muzej Hrvatskog primorja\" \/>\n<meta property=\"og:description\" content=\"organizer: Maritime and History Museum of the Croatian Littoral Rijeka conceived by: Denis Nepokoj design: Vesna Ro\u017eman educational programme: Iva Volovi\u0107 set-up: Dino Markovi\u0107, Darko Takali\u0107 exhibition is open from 26 January to 31 March 2024 The exhibition Blogging About the Blog features a selection of texts that were posted on the Museum\u2019s FB page [&hellip;]\" \/>\n<meta property=\"og:url\" content=\"https:\/\/ppmhp.hr\/en\/oblog-na-blog\/\" \/>\n<meta property=\"og:site_name\" content=\"Pomorski i povijesni muzej Hrvatskog primorja\" \/>\n<meta property=\"article:published_time\" content=\"2024-01-24T13:26:02+00:00\" \/>\n<meta property=\"article:modified_time\" content=\"2024-05-03T06:46:52+00:00\" \/>\n<meta property=\"og:image\" content=\"https:\/\/ppmhp.hr\/web\/wp-content\/uploads\/2024\/01\/oblog-fhd.jpg\" \/>\n\t<meta property=\"og:image:width\" content=\"1920\" \/>\n\t<meta property=\"og:image:height\" content=\"1080\" \/>\n\t<meta property=\"og:image:type\" content=\"image\/jpeg\" \/>\n<meta name=\"author\" content=\"tiho\" \/>\n<meta name=\"twitter:card\" content=\"summary_large_image\" \/>\n<meta name=\"twitter:label1\" content=\"Written by\" \/>\n\t<meta name=\"twitter:data1\" content=\"tiho\" \/>\n\t<meta name=\"twitter:label2\" content=\"Est. reading time\" \/>\n\t<meta name=\"twitter:data2\" content=\"2 minutes\" \/>\n<script type=\"application\/ld+json\" class=\"yoast-schema-graph\">{\"@context\":\"https:\\\/\\\/schema.org\",\"@graph\":[{\"@type\":\"Article\",\"@id\":\"https:\\\/\\\/ppmhp.hr\\\/en\\\/oblog-na-blog\\\/#article\",\"isPartOf\":{\"@id\":\"https:\\\/\\\/ppmhp.hr\\\/en\\\/oblog-na-blog\\\/\"},\"author\":{\"name\":\"tiho\",\"@id\":\"https:\\\/\\\/ppmhp.hr\\\/en\\\/#\\\/schema\\\/person\\\/1cb9aa0dc41966f75ec24e248ae949bd\"},\"headline\":\"Blogging about the blog\",\"datePublished\":\"2024-01-24T13:26:02+00:00\",\"dateModified\":\"2024-05-03T06:46:52+00:00\",\"mainEntityOfPage\":{\"@id\":\"https:\\\/\\\/ppmhp.hr\\\/en\\\/oblog-na-blog\\\/\"},\"wordCount\":179,\"commentCount\":0,\"image\":{\"@id\":\"https:\\\/\\\/ppmhp.hr\\\/en\\\/oblog-na-blog\\\/#primaryimage\"},\"thumbnailUrl\":\"https:\\\/\\\/ppmhp.hr\\\/web\\\/wp-content\\\/uploads\\\/2024\\\/01\\\/oblog-fhd.jpg\",\"articleSection\":[\"Events\",\"Events Palace\",\"Exhibitions\",\"Exibitions Palace\",\"Featured\"],\"inLanguage\":\"en-US\",\"potentialAction\":[{\"@type\":\"CommentAction\",\"name\":\"Comment\",\"target\":[\"https:\\\/\\\/ppmhp.hr\\\/en\\\/oblog-na-blog\\\/#respond\"]}]},{\"@type\":\"WebPage\",\"@id\":\"https:\\\/\\\/ppmhp.hr\\\/en\\\/oblog-na-blog\\\/\",\"url\":\"https:\\\/\\\/ppmhp.hr\\\/en\\\/oblog-na-blog\\\/\",\"name\":\"Blogging about the blog - Pomorski i povijesni muzej Hrvatskog primorja\",\"isPartOf\":{\"@id\":\"https:\\\/\\\/ppmhp.hr\\\/en\\\/#website\"},\"primaryImageOfPage\":{\"@id\":\"https:\\\/\\\/ppmhp.hr\\\/en\\\/oblog-na-blog\\\/#primaryimage\"},\"image\":{\"@id\":\"https:\\\/\\\/ppmhp.hr\\\/en\\\/oblog-na-blog\\\/#primaryimage\"},\"thumbnailUrl\":\"https:\\\/\\\/ppmhp.hr\\\/web\\\/wp-content\\\/uploads\\\/2024\\\/01\\\/oblog-fhd.jpg\",\"datePublished\":\"2024-01-24T13:26:02+00:00\",\"dateModified\":\"2024-05-03T06:46:52+00:00\",\"author\":{\"@id\":\"https:\\\/\\\/ppmhp.hr\\\/en\\\/#\\\/schema\\\/person\\\/1cb9aa0dc41966f75ec24e248ae949bd\"},\"breadcrumb\":{\"@id\":\"https:\\\/\\\/ppmhp.hr\\\/en\\\/oblog-na-blog\\\/#breadcrumb\"},\"inLanguage\":\"en-US\",\"potentialAction\":[{\"@type\":\"ReadAction\",\"target\":[\"https:\\\/\\\/ppmhp.hr\\\/en\\\/oblog-na-blog\\\/\"]}]},{\"@type\":\"ImageObject\",\"inLanguage\":\"en-US\",\"@id\":\"https:\\\/\\\/ppmhp.hr\\\/en\\\/oblog-na-blog\\\/#primaryimage\",\"url\":\"https:\\\/\\\/ppmhp.hr\\\/web\\\/wp-content\\\/uploads\\\/2024\\\/01\\\/oblog-fhd.jpg\",\"contentUrl\":\"https:\\\/\\\/ppmhp.hr\\\/web\\\/wp-content\\\/uploads\\\/2024\\\/01\\\/oblog-fhd.jpg\",\"width\":1920,\"height\":1080},{\"@type\":\"BreadcrumbList\",\"@id\":\"https:\\\/\\\/ppmhp.hr\\\/en\\\/oblog-na-blog\\\/#breadcrumb\",\"itemListElement\":[{\"@type\":\"ListItem\",\"position\":1,\"name\":\"Po\u010detna stranica\",\"item\":\"https:\\\/\\\/ppmhp.hr\\\/en\\\/\"},{\"@type\":\"ListItem\",\"position\":2,\"name\":\"Blogging about the blog\"}]},{\"@type\":\"WebSite\",\"@id\":\"https:\\\/\\\/ppmhp.hr\\\/en\\\/#website\",\"url\":\"https:\\\/\\\/ppmhp.hr\\\/en\\\/\",\"name\":\"Pomorski i povijesni muzej Hrvatskog primorja\",\"description\":\"Guvernerova Pala\u010da \\\/ Memorijalni centar Lipa pamti \\\/ Muzejska zbirka Kastav\u0161tine\",\"potentialAction\":[{\"@type\":\"SearchAction\",\"target\":{\"@type\":\"EntryPoint\",\"urlTemplate\":\"https:\\\/\\\/ppmhp.hr\\\/en\\\/?s={search_term_string}\"},\"query-input\":{\"@type\":\"PropertyValueSpecification\",\"valueRequired\":true,\"valueName\":\"search_term_string\"}}],\"inLanguage\":\"en-US\"},{\"@type\":\"Person\",\"@id\":\"https:\\\/\\\/ppmhp.hr\\\/en\\\/#\\\/schema\\\/person\\\/1cb9aa0dc41966f75ec24e248ae949bd\",\"name\":\"tiho\",\"image\":{\"@type\":\"ImageObject\",\"inLanguage\":\"en-US\",\"@id\":\"https:\\\/\\\/secure.gravatar.com\\\/avatar\\\/0602550aa16592bef1fdd0f6c245025039c29b453d92fe631b91bfd53e9361c2?s=96&d=mm&r=g\",\"url\":\"https:\\\/\\\/secure.gravatar.com\\\/avatar\\\/0602550aa16592bef1fdd0f6c245025039c29b453d92fe631b91bfd53e9361c2?s=96&d=mm&r=g\",\"contentUrl\":\"https:\\\/\\\/secure.gravatar.com\\\/avatar\\\/0602550aa16592bef1fdd0f6c245025039c29b453d92fe631b91bfd53e9361c2?s=96&d=mm&r=g\",\"caption\":\"tiho\"}}]}<\/script>\n<!-- \/ Yoast SEO plugin. -->","yoast_head_json":{"title":"Blogging about the blog - Pomorski i povijesni muzej Hrvatskog primorja","robots":{"index":"index","follow":"follow","max-snippet":"max-snippet:-1","max-image-preview":"max-image-preview:large","max-video-preview":"max-video-preview:-1"},"canonical":"https:\/\/ppmhp.hr\/en\/oblog-na-blog\/","og_locale":"en_US","og_type":"article","og_title":"Blogging about the blog - Pomorski i povijesni muzej Hrvatskog primorja","og_description":"organizer: Maritime and History Museum of the Croatian Littoral Rijeka conceived by: Denis Nepokoj design: Vesna Ro\u017eman educational programme: Iva Volovi\u0107 set-up: Dino Markovi\u0107, Darko Takali\u0107 exhibition is open from 26 January to 31 March 2024 The exhibition Blogging About the Blog features a selection of texts that were posted on the Museum\u2019s FB page [&hellip;]","og_url":"https:\/\/ppmhp.hr\/en\/oblog-na-blog\/","og_site_name":"Pomorski i povijesni muzej Hrvatskog primorja","article_published_time":"2024-01-24T13:26:02+00:00","article_modified_time":"2024-05-03T06:46:52+00:00","og_image":[{"width":1920,"height":1080,"url":"https:\/\/ppmhp.hr\/web\/wp-content\/uploads\/2024\/01\/oblog-fhd.jpg","type":"image\/jpeg"}],"author":"tiho","twitter_card":"summary_large_image","twitter_misc":{"Written by":"tiho","Est. reading time":"2 minutes"},"schema":{"@context":"https:\/\/schema.org","@graph":[{"@type":"Article","@id":"https:\/\/ppmhp.hr\/en\/oblog-na-blog\/#article","isPartOf":{"@id":"https:\/\/ppmhp.hr\/en\/oblog-na-blog\/"},"author":{"name":"tiho","@id":"https:\/\/ppmhp.hr\/en\/#\/schema\/person\/1cb9aa0dc41966f75ec24e248ae949bd"},"headline":"Blogging about the blog","datePublished":"2024-01-24T13:26:02+00:00","dateModified":"2024-05-03T06:46:52+00:00","mainEntityOfPage":{"@id":"https:\/\/ppmhp.hr\/en\/oblog-na-blog\/"},"wordCount":179,"commentCount":0,"image":{"@id":"https:\/\/ppmhp.hr\/en\/oblog-na-blog\/#primaryimage"},"thumbnailUrl":"https:\/\/ppmhp.hr\/web\/wp-content\/uploads\/2024\/01\/oblog-fhd.jpg","articleSection":["Events","Events Palace","Exhibitions","Exibitions Palace","Featured"],"inLanguage":"en-US","potentialAction":[{"@type":"CommentAction","name":"Comment","target":["https:\/\/ppmhp.hr\/en\/oblog-na-blog\/#respond"]}]},{"@type":"WebPage","@id":"https:\/\/ppmhp.hr\/en\/oblog-na-blog\/","url":"https:\/\/ppmhp.hr\/en\/oblog-na-blog\/","name":"Blogging about the blog - Pomorski i povijesni muzej Hrvatskog primorja","isPartOf":{"@id":"https:\/\/ppmhp.hr\/en\/#website"},"primaryImageOfPage":{"@id":"https:\/\/ppmhp.hr\/en\/oblog-na-blog\/#primaryimage"},"image":{"@id":"https:\/\/ppmhp.hr\/en\/oblog-na-blog\/#primaryimage"},"thumbnailUrl":"https:\/\/ppmhp.hr\/web\/wp-content\/uploads\/2024\/01\/oblog-fhd.jpg","datePublished":"2024-01-24T13:26:02+00:00","dateModified":"2024-05-03T06:46:52+00:00","author":{"@id":"https:\/\/ppmhp.hr\/en\/#\/schema\/person\/1cb9aa0dc41966f75ec24e248ae949bd"},"breadcrumb":{"@id":"https:\/\/ppmhp.hr\/en\/oblog-na-blog\/#breadcrumb"},"inLanguage":"en-US","potentialAction":[{"@type":"ReadAction","target":["https:\/\/ppmhp.hr\/en\/oblog-na-blog\/"]}]},{"@type":"ImageObject","inLanguage":"en-US","@id":"https:\/\/ppmhp.hr\/en\/oblog-na-blog\/#primaryimage","url":"https:\/\/ppmhp.hr\/web\/wp-content\/uploads\/2024\/01\/oblog-fhd.jpg","contentUrl":"https:\/\/ppmhp.hr\/web\/wp-content\/uploads\/2024\/01\/oblog-fhd.jpg","width":1920,"height":1080},{"@type":"BreadcrumbList","@id":"https:\/\/ppmhp.hr\/en\/oblog-na-blog\/#breadcrumb","itemListElement":[{"@type":"ListItem","position":1,"name":"Po\u010detna stranica","item":"https:\/\/ppmhp.hr\/en\/"},{"@type":"ListItem","position":2,"name":"Blogging about the blog"}]},{"@type":"WebSite","@id":"https:\/\/ppmhp.hr\/en\/#website","url":"https:\/\/ppmhp.hr\/en\/","name":"Pomorski i povijesni muzej Hrvatskog primorja","description":"Guvernerova Pala\u010da \/ Memorijalni centar Lipa pamti \/ Muzejska zbirka Kastav\u0161tine","potentialAction":[{"@type":"SearchAction","target":{"@type":"EntryPoint","urlTemplate":"https:\/\/ppmhp.hr\/en\/?s={search_term_string}"},"query-input":{"@type":"PropertyValueSpecification","valueRequired":true,"valueName":"search_term_string"}}],"inLanguage":"en-US"},{"@type":"Person","@id":"https:\/\/ppmhp.hr\/en\/#\/schema\/person\/1cb9aa0dc41966f75ec24e248ae949bd","name":"tiho","image":{"@type":"ImageObject","inLanguage":"en-US","@id":"https:\/\/secure.gravatar.com\/avatar\/0602550aa16592bef1fdd0f6c245025039c29b453d92fe631b91bfd53e9361c2?s=96&d=mm&r=g","url":"https:\/\/secure.gravatar.com\/avatar\/0602550aa16592bef1fdd0f6c245025039c29b453d92fe631b91bfd53e9361c2?s=96&d=mm&r=g","contentUrl":"https:\/\/secure.gravatar.com\/avatar\/0602550aa16592bef1fdd0f6c245025039c29b453d92fe631b91bfd53e9361c2?s=96&d=mm&r=g","caption":"tiho"}}]}},"_links":{"self":[{"href":"https:\/\/ppmhp.hr\/en\/wp-json\/wp\/v2\/posts\/247384","targetHints":{"allow":["GET"]}}],"collection":[{"href":"https:\/\/ppmhp.hr\/en\/wp-json\/wp\/v2\/posts"}],"about":[{"href":"https:\/\/ppmhp.hr\/en\/wp-json\/wp\/v2\/types\/post"}],"author":[{"embeddable":true,"href":"https:\/\/ppmhp.hr\/en\/wp-json\/wp\/v2\/users\/11"}],"replies":[{"embeddable":true,"href":"https:\/\/ppmhp.hr\/en\/wp-json\/wp\/v2\/comments?post=247384"}],"version-history":[{"count":0,"href":"https:\/\/ppmhp.hr\/en\/wp-json\/wp\/v2\/posts\/247384\/revisions"}],"wp:featuredmedia":[{"embeddable":true,"href":"https:\/\/ppmhp.hr\/en\/wp-json\/wp\/v2\/media\/247369"}],"wp:attachment":[{"href":"https:\/\/ppmhp.hr\/en\/wp-json\/wp\/v2\/media?parent=247384"}],"wp:term":[{"taxonomy":"category","embeddable":true,"href":"https:\/\/ppmhp.hr\/en\/wp-json\/wp\/v2\/categories?post=247384"},{"taxonomy":"post_tag","embeddable":true,"href":"https:\/\/ppmhp.hr\/en\/wp-json\/wp\/v2\/tags?post=247384"}],"curies":[{"name":"wp","href":"https:\/\/api.w.org\/{rel}","templated":true}]}}