{"id":247228,"date":"2023-11-14T10:13:55","date_gmt":"2023-11-14T09:13:55","guid":{"rendered":"https:\/\/ppmhp.hr\/247224\/"},"modified":"2023-11-14T13:58:46","modified_gmt":"2023-11-14T12:58:46","slug":"247224","status":"publish","type":"post","link":"https:\/\/ppmhp.hr\/en\/247224\/","title":{"rendered":"Events in November"},"content":{"rendered":"<p><strong>THE GOVERNOR&#8217;S PALACE<\/strong><br \/>\nTrg Riccarda Zanelle 1, Rijeka<br \/>\nHours: Mon: 9 a.m. \u2013 4 p.m., Tue-Sat: 9 a.m. \u2013 8 p.m., Sun: 9 a.m. \u2013 1 p.m.<br \/>\nClosed on holidays.<br \/>\n<a href=\"http:\/\/ppmhp.hr\/\">http:\/\/ppmhp.hr\/<\/a><\/p>\n<p><strong>EXHIBITION<\/strong><br \/>\n<strong>CELEBRATING IRELAND\u2019S ARCHAEOLOGICAL HERITAGE<\/strong><br \/>\norganizers: Archaeological Museum in Zagreb and Maritime and History Museum of the Croatian Littoral Rijeka<br \/>\nconceived by: Michael MacDonagh, chief archaeologist in Ireland\u2019s National Monument Service,<br \/>\nJohn Lalor, photographer in Ireland\u2019s National Monument Service<br \/>\ncollaborator: Porin \u0160\u0107ukanec Rezni\u010dek, research associate at the Archaeological Museum in Zagreb and exhibition curator<br \/>\n<strong>opening: Museum\u2019s Atrium on 8 November 2023 at 7 p.m.<\/strong><br \/>\nexhibition will remain open until 19 January 2024<\/p>\n<p>This photographic exhibition features approximately thirty of Ireland\u2019s most relevant archaeological monuments, landscapes and historical buildings that have been highlighted from the almost 12 thousand years of human habitation on the island.<br \/>\nIreland\u2019s archaeological heritage will attract visitors with the diversity of its unusual sites, such as the Newgrange tumulus, where visitors can genuinely experience the beliefs of ancient peoples during the winter solstice, or the picturesque castles or remote hermitages that now also serve as backdrops for Hollywood movies.<br \/>\nFurthermore, archaeologists consider these photographs extremely valuable conservation records for the future of the European and world heritage, as stated by one of the exhibition\u2019s creators, Michael MacDonagh.<br \/>\nThe attractiveness of this heritage certainly serves as invitation to visit the actual sites.<br \/>\nThe exhibition was made possible through cooperation with Ireland\u2019s National Monument Service, the Irish Embassy and the Archaeological Museum in Zagreb.<\/p>\n<p><strong>BOOK PRESENTATION<\/strong><br \/>\n<strong>POST-YUGOSLAV METAMUSEUMS: REFRAMING SECOND WORLD WAR HERITAGE IN POSTCONFLICT CROATIA, BOSNIA AND HERZEGOVINA, AND SERBIA<\/strong><br \/>\nauthor: Nata\u0161a Jagdhuhn, Ph.D.<br \/>\nPublisher: Palgrave Macmillan, London<br \/>\n<strong>location, date and time: Museum\u2019s Marble Hall, 22 November at 6 p.m.<\/strong><\/p>\n<p>The book is based on its author\u2019s doctoral research into the fates of so-called people\u2019s revolution museums in the territory of the former Yugoslavia after its collapse. This German scholar attempted to ascertain how and whether these specialised museums and exhibits managed to redefine themselves and adapt to the new political circumstances, as well as advances in museology.<br \/>\nThe book will be presented by Vjeran Pavlakovi\u0107, Ph.D., a professor at the University of Rijeka Faculty of Humanities and Social Science and Tea Perin\u010di\u0107, Ph.D., an advisor in the Maritime and History Museum of the Croatian Littoral Rijeka.<\/p>\n<p><strong>MIRACLE ROOM<\/strong><br \/>\nThe workshops for young creators are held in the Miracle Room at the Maritime and History Museum of the Croatian Littoral Rijeka and in the Museum\u2019s garden. Educational programmes are also being held at the remote collections.<\/p>\n<p><strong>PROGRAMME <\/strong><br \/>\n<strong>BIRTHDAY IN THE MUSEUM<\/strong><br \/>\nEducational birthday workshops in the Maritime and History Museum of the Croatian Littoral Rijeka are aimed at children aged 4 to 12. The workshops are thematic, and the celebrants can choose from six available themes: \u2018Masquerade Ball,\u2019 \u2018The Trsat Dragon,\u2019 \u2018On-board Emergency,\u2019 \u2018Unusual Form,\u2019 \u2018Challenge Trail,\u2019 and \u2018Treasure Hunt.\u2019<br \/>\nThe programme will proceed in the Museum\u2019s premises. Must be arranged in advance.<\/p>\n<p><strong>MIRACLE ROOM ON THE ROAD<\/strong><br \/>\nMiracle Room on the Road is intended for children from distant schools, so that they can more easily participate in educational and creative programmes tied to the Museum\u2019s inventory and content, as well as segments of the local cultural and historical heritage.<\/p>\n<p><strong>MORNING IN THE MUSEUM <\/strong><br \/>\n<strong>WORKSHOP <\/strong><br \/>\n<strong>WHEN I GROW UP I&#8217;M GOING TO BE A TELEVISION<\/strong><br \/>\ndate and time: 18 November 2023 from 9 a.m. to 1 p.m.<br \/>\nleader: Iva Volovi\u0107<br \/>\nThe workshop is intended for children aged 6 to 12.<br \/>\nPrice: \u20ac5.31<br \/>\nApply: by sending a message to the Miracle Room (\u010cudotvornica) Facebook page, by e-mail: cudotvornica@ppmhp.hr or telephone at +385 51 213578.<\/p>\n<p>Only genuine aficionados likely know that 21 November is World Television Day. These formerly \u201csmall screens\u201d are today no longer so small, and the youngest spend more time with them than we\u2019d like. Even so, the Museum\u2019s Miracle Room will organize a fun, educational and creative workshop at which television will be \u201cwatched\u201d somewhat differently. Workshop participants will go back in time and take a stroll through television\u2019s history, and besides learning they will attempt to revive the museum\u2019s \u201cresidents\u201d with a short film that they will make on their own! So the paintings will walk, the statues dance&#8230; Participants will learn about making a film in the frame-by-frame technique, or stop-motion animation, and create a museum film together!<\/p>\n<p><strong>KASTAV REGIONAL MUSEUM COLLECTION<\/strong><br \/>\nProlaz Ivana iz Kastva 1, Kastav<br \/>\nwinter hours: from 1 October 2023 to 1 June 2024<br \/>\nTuesdays and Thursdays: 10 a.m. \u2013 12 p.m.<br \/>\nWednesdays: 6 \u2013 8 p.m.<br \/>\nother days by arrangement<br \/>\nThe history of Kastav and the wider environs (Kastav\u0161tina) is presented in the permanent display in three thematic units: The Origin of Kastav, Culture and Education in Kastav\u0161tina, and Life on the Border.<br \/>\nThe exhibition \u201cFrom the Museum\u2019s Time Machine\u201d presents the Collection\u2019s first opening in 1981.<\/p>\n<p><strong>LIPA REMEMBERS MEMORIAL CENTRE<\/strong><br \/>\nLipa 35, \u0160apjane<br \/>\nHours: Tue, Thu, Fri: 10 a.m. \u2013 2 p.m.<br \/>\nWed: 12 \u2013 7 p.m.<br \/>\nSat: 10 a.m. \u2013 6 p.m.<br \/>\nClosed on Sundays, Mondays and holidays.<\/p>\n<p><strong>KRALJEVICA SHIPYARD MODEL COLLECTION<\/strong><br \/>\nVisits are possible by prior arrangement with the Museum and under the conditions stipulated by the Dalmont Shipyard in Kraljevica.<\/p>\n<p><strong>CICKINI ARCHAEOLOGICAL COLLECTION, ISLAND OF KRK<\/strong><br \/>\nVisits are possible by prior arrangement.<\/p>\n<p>&nbsp;<\/p>\n","protected":false},"excerpt":{"rendered":"<p>THE GOVERNOR&#8217;S PALACE Trg Riccarda Zanelle 1, Rijeka Hours: Mon: 9 a.m. \u2013 4 p.m., Tue-Sat: 9 a.m. \u2013 8 p.m., Sun: 9 a.m. \u2013 1 p.m. Closed on holidays. http:\/\/ppmhp.hr\/ EXHIBITION CELEBRATING IRELAND\u2019S ARCHAEOLOGICAL HERITAGE organizers: Archaeological Museum in Zagreb and Maritime and History Museum of the Croatian Littoral Rijeka conceived by: Michael MacDonagh, [&hellip;]<\/p>\n","protected":false},"author":11,"featured_media":246659,"comment_status":"open","ping_status":"open","sticky":false,"template":"","format":"standard","meta":{"_acf_changed":false,"_et_pb_use_builder":"","_et_pb_old_content":"","_et_gb_content_width":"","inline_featured_image":false,"footnotes":""},"categories":[497,530,531,532,507],"tags":[],"class_list":["post-247228","post","type-post","status-publish","format-standard","has-post-thumbnail","hentry","category-events","category-events-kastav","category-events-lipa","category-events-palace","category-featured"],"acf":[],"yoast_head":"<!-- This site is optimized with the Yoast SEO plugin v27.3 - https:\/\/yoast.com\/product\/yoast-seo-wordpress\/ -->\n<title>Events in November - Pomorski i povijesni muzej Hrvatskog primorja<\/title>\n<meta name=\"robots\" content=\"index, follow, max-snippet:-1, max-image-preview:large, max-video-preview:-1\" \/>\n<link rel=\"canonical\" href=\"https:\/\/ppmhp.hr\/en\/247224\/\" \/>\n<meta property=\"og:locale\" content=\"en_US\" \/>\n<meta property=\"og:type\" content=\"article\" \/>\n<meta property=\"og:title\" content=\"Events in November - Pomorski i povijesni muzej Hrvatskog primorja\" \/>\n<meta property=\"og:description\" content=\"THE GOVERNOR&#8217;S PALACE Trg Riccarda Zanelle 1, Rijeka Hours: Mon: 9 a.m. \u2013 4 p.m., Tue-Sat: 9 a.m. \u2013 8 p.m., Sun: 9 a.m. \u2013 1 p.m. Closed on holidays. http:\/\/ppmhp.hr\/ EXHIBITION CELEBRATING IRELAND\u2019S ARCHAEOLOGICAL HERITAGE organizers: Archaeological Museum in Zagreb and Maritime and History Museum of the Croatian Littoral Rijeka conceived by: Michael MacDonagh, [&hellip;]\" \/>\n<meta property=\"og:url\" content=\"https:\/\/ppmhp.hr\/en\/247224\/\" \/>\n<meta property=\"og:site_name\" content=\"Pomorski i povijesni muzej Hrvatskog primorja\" \/>\n<meta property=\"article:published_time\" content=\"2023-11-14T09:13:55+00:00\" \/>\n<meta property=\"article:modified_time\" content=\"2023-11-14T12:58:46+00:00\" \/>\n<meta property=\"og:image\" content=\"https:\/\/ppmhp.hr\/web\/wp-content\/uploads\/2023\/07\/ppmhp_rijeka_big_featured-e1689931843960.jpg\" \/>\n\t<meta property=\"og:image:width\" content=\"2000\" \/>\n\t<meta property=\"og:image:height\" content=\"1333\" \/>\n\t<meta property=\"og:image:type\" content=\"image\/jpeg\" \/>\n<meta name=\"author\" content=\"tiho\" \/>\n<meta name=\"twitter:card\" content=\"summary_large_image\" \/>\n<meta name=\"twitter:label1\" content=\"Written by\" \/>\n\t<meta name=\"twitter:data1\" content=\"tiho\" \/>\n\t<meta name=\"twitter:label2\" content=\"Est. reading time\" \/>\n\t<meta name=\"twitter:data2\" content=\"5 minutes\" \/>\n<script type=\"application\/ld+json\" class=\"yoast-schema-graph\">{\"@context\":\"https:\\\/\\\/schema.org\",\"@graph\":[{\"@type\":\"Article\",\"@id\":\"https:\\\/\\\/ppmhp.hr\\\/en\\\/247224\\\/#article\",\"isPartOf\":{\"@id\":\"https:\\\/\\\/ppmhp.hr\\\/en\\\/247224\\\/\"},\"author\":{\"name\":\"tiho\",\"@id\":\"https:\\\/\\\/ppmhp.hr\\\/en\\\/#\\\/schema\\\/person\\\/1cb9aa0dc41966f75ec24e248ae949bd\"},\"headline\":\"Events in November\",\"datePublished\":\"2023-11-14T09:13:55+00:00\",\"dateModified\":\"2023-11-14T12:58:46+00:00\",\"mainEntityOfPage\":{\"@id\":\"https:\\\/\\\/ppmhp.hr\\\/en\\\/247224\\\/\"},\"wordCount\":871,\"commentCount\":0,\"image\":{\"@id\":\"https:\\\/\\\/ppmhp.hr\\\/en\\\/247224\\\/#primaryimage\"},\"thumbnailUrl\":\"https:\\\/\\\/ppmhp.hr\\\/web\\\/wp-content\\\/uploads\\\/2023\\\/07\\\/ppmhp_rijeka_big_featured-e1689931843960.jpg\",\"articleSection\":[\"Events\",\"Events Kastav\",\"Events Lipa\",\"Events Palace\",\"Featured\"],\"inLanguage\":\"en-US\",\"potentialAction\":[{\"@type\":\"CommentAction\",\"name\":\"Comment\",\"target\":[\"https:\\\/\\\/ppmhp.hr\\\/en\\\/247224\\\/#respond\"]}]},{\"@type\":\"WebPage\",\"@id\":\"https:\\\/\\\/ppmhp.hr\\\/en\\\/247224\\\/\",\"url\":\"https:\\\/\\\/ppmhp.hr\\\/en\\\/247224\\\/\",\"name\":\"Events in November - Pomorski i povijesni muzej Hrvatskog primorja\",\"isPartOf\":{\"@id\":\"https:\\\/\\\/ppmhp.hr\\\/en\\\/#website\"},\"primaryImageOfPage\":{\"@id\":\"https:\\\/\\\/ppmhp.hr\\\/en\\\/247224\\\/#primaryimage\"},\"image\":{\"@id\":\"https:\\\/\\\/ppmhp.hr\\\/en\\\/247224\\\/#primaryimage\"},\"thumbnailUrl\":\"https:\\\/\\\/ppmhp.hr\\\/web\\\/wp-content\\\/uploads\\\/2023\\\/07\\\/ppmhp_rijeka_big_featured-e1689931843960.jpg\",\"datePublished\":\"2023-11-14T09:13:55+00:00\",\"dateModified\":\"2023-11-14T12:58:46+00:00\",\"author\":{\"@id\":\"https:\\\/\\\/ppmhp.hr\\\/en\\\/#\\\/schema\\\/person\\\/1cb9aa0dc41966f75ec24e248ae949bd\"},\"breadcrumb\":{\"@id\":\"https:\\\/\\\/ppmhp.hr\\\/en\\\/247224\\\/#breadcrumb\"},\"inLanguage\":\"en-US\",\"potentialAction\":[{\"@type\":\"ReadAction\",\"target\":[\"https:\\\/\\\/ppmhp.hr\\\/en\\\/247224\\\/\"]}]},{\"@type\":\"ImageObject\",\"inLanguage\":\"en-US\",\"@id\":\"https:\\\/\\\/ppmhp.hr\\\/en\\\/247224\\\/#primaryimage\",\"url\":\"https:\\\/\\\/ppmhp.hr\\\/web\\\/wp-content\\\/uploads\\\/2023\\\/07\\\/ppmhp_rijeka_big_featured-e1689931843960.jpg\",\"contentUrl\":\"https:\\\/\\\/ppmhp.hr\\\/web\\\/wp-content\\\/uploads\\\/2023\\\/07\\\/ppmhp_rijeka_big_featured-e1689931843960.jpg\",\"width\":2000,\"height\":1333},{\"@type\":\"BreadcrumbList\",\"@id\":\"https:\\\/\\\/ppmhp.hr\\\/en\\\/247224\\\/#breadcrumb\",\"itemListElement\":[{\"@type\":\"ListItem\",\"position\":1,\"name\":\"Po\u010detna stranica\",\"item\":\"https:\\\/\\\/ppmhp.hr\\\/en\\\/\"},{\"@type\":\"ListItem\",\"position\":2,\"name\":\"Events in November\"}]},{\"@type\":\"WebSite\",\"@id\":\"https:\\\/\\\/ppmhp.hr\\\/en\\\/#website\",\"url\":\"https:\\\/\\\/ppmhp.hr\\\/en\\\/\",\"name\":\"Pomorski i povijesni muzej Hrvatskog primorja\",\"description\":\"Guvernerova Pala\u010da \\\/ Memorijalni centar Lipa pamti \\\/ Muzejska zbirka Kastav\u0161tine\",\"potentialAction\":[{\"@type\":\"SearchAction\",\"target\":{\"@type\":\"EntryPoint\",\"urlTemplate\":\"https:\\\/\\\/ppmhp.hr\\\/en\\\/?s={search_term_string}\"},\"query-input\":{\"@type\":\"PropertyValueSpecification\",\"valueRequired\":true,\"valueName\":\"search_term_string\"}}],\"inLanguage\":\"en-US\"},{\"@type\":\"Person\",\"@id\":\"https:\\\/\\\/ppmhp.hr\\\/en\\\/#\\\/schema\\\/person\\\/1cb9aa0dc41966f75ec24e248ae949bd\",\"name\":\"tiho\",\"image\":{\"@type\":\"ImageObject\",\"inLanguage\":\"en-US\",\"@id\":\"https:\\\/\\\/secure.gravatar.com\\\/avatar\\\/0602550aa16592bef1fdd0f6c245025039c29b453d92fe631b91bfd53e9361c2?s=96&d=mm&r=g\",\"url\":\"https:\\\/\\\/secure.gravatar.com\\\/avatar\\\/0602550aa16592bef1fdd0f6c245025039c29b453d92fe631b91bfd53e9361c2?s=96&d=mm&r=g\",\"contentUrl\":\"https:\\\/\\\/secure.gravatar.com\\\/avatar\\\/0602550aa16592bef1fdd0f6c245025039c29b453d92fe631b91bfd53e9361c2?s=96&d=mm&r=g\",\"caption\":\"tiho\"}}]}<\/script>\n<!-- \/ Yoast SEO plugin. -->","yoast_head_json":{"title":"Events in November - Pomorski i povijesni muzej Hrvatskog primorja","robots":{"index":"index","follow":"follow","max-snippet":"max-snippet:-1","max-image-preview":"max-image-preview:large","max-video-preview":"max-video-preview:-1"},"canonical":"https:\/\/ppmhp.hr\/en\/247224\/","og_locale":"en_US","og_type":"article","og_title":"Events in November - Pomorski i povijesni muzej Hrvatskog primorja","og_description":"THE GOVERNOR&#8217;S PALACE Trg Riccarda Zanelle 1, Rijeka Hours: Mon: 9 a.m. \u2013 4 p.m., Tue-Sat: 9 a.m. \u2013 8 p.m., Sun: 9 a.m. \u2013 1 p.m. Closed on holidays. http:\/\/ppmhp.hr\/ EXHIBITION CELEBRATING IRELAND\u2019S ARCHAEOLOGICAL HERITAGE organizers: Archaeological Museum in Zagreb and Maritime and History Museum of the Croatian Littoral Rijeka conceived by: Michael MacDonagh, [&hellip;]","og_url":"https:\/\/ppmhp.hr\/en\/247224\/","og_site_name":"Pomorski i povijesni muzej Hrvatskog primorja","article_published_time":"2023-11-14T09:13:55+00:00","article_modified_time":"2023-11-14T12:58:46+00:00","og_image":[{"width":2000,"height":1333,"url":"https:\/\/ppmhp.hr\/web\/wp-content\/uploads\/2023\/07\/ppmhp_rijeka_big_featured-e1689931843960.jpg","type":"image\/jpeg"}],"author":"tiho","twitter_card":"summary_large_image","twitter_misc":{"Written by":"tiho","Est. reading time":"5 minutes"},"schema":{"@context":"https:\/\/schema.org","@graph":[{"@type":"Article","@id":"https:\/\/ppmhp.hr\/en\/247224\/#article","isPartOf":{"@id":"https:\/\/ppmhp.hr\/en\/247224\/"},"author":{"name":"tiho","@id":"https:\/\/ppmhp.hr\/en\/#\/schema\/person\/1cb9aa0dc41966f75ec24e248ae949bd"},"headline":"Events in November","datePublished":"2023-11-14T09:13:55+00:00","dateModified":"2023-11-14T12:58:46+00:00","mainEntityOfPage":{"@id":"https:\/\/ppmhp.hr\/en\/247224\/"},"wordCount":871,"commentCount":0,"image":{"@id":"https:\/\/ppmhp.hr\/en\/247224\/#primaryimage"},"thumbnailUrl":"https:\/\/ppmhp.hr\/web\/wp-content\/uploads\/2023\/07\/ppmhp_rijeka_big_featured-e1689931843960.jpg","articleSection":["Events","Events Kastav","Events Lipa","Events Palace","Featured"],"inLanguage":"en-US","potentialAction":[{"@type":"CommentAction","name":"Comment","target":["https:\/\/ppmhp.hr\/en\/247224\/#respond"]}]},{"@type":"WebPage","@id":"https:\/\/ppmhp.hr\/en\/247224\/","url":"https:\/\/ppmhp.hr\/en\/247224\/","name":"Events in November - Pomorski i povijesni muzej Hrvatskog primorja","isPartOf":{"@id":"https:\/\/ppmhp.hr\/en\/#website"},"primaryImageOfPage":{"@id":"https:\/\/ppmhp.hr\/en\/247224\/#primaryimage"},"image":{"@id":"https:\/\/ppmhp.hr\/en\/247224\/#primaryimage"},"thumbnailUrl":"https:\/\/ppmhp.hr\/web\/wp-content\/uploads\/2023\/07\/ppmhp_rijeka_big_featured-e1689931843960.jpg","datePublished":"2023-11-14T09:13:55+00:00","dateModified":"2023-11-14T12:58:46+00:00","author":{"@id":"https:\/\/ppmhp.hr\/en\/#\/schema\/person\/1cb9aa0dc41966f75ec24e248ae949bd"},"breadcrumb":{"@id":"https:\/\/ppmhp.hr\/en\/247224\/#breadcrumb"},"inLanguage":"en-US","potentialAction":[{"@type":"ReadAction","target":["https:\/\/ppmhp.hr\/en\/247224\/"]}]},{"@type":"ImageObject","inLanguage":"en-US","@id":"https:\/\/ppmhp.hr\/en\/247224\/#primaryimage","url":"https:\/\/ppmhp.hr\/web\/wp-content\/uploads\/2023\/07\/ppmhp_rijeka_big_featured-e1689931843960.jpg","contentUrl":"https:\/\/ppmhp.hr\/web\/wp-content\/uploads\/2023\/07\/ppmhp_rijeka_big_featured-e1689931843960.jpg","width":2000,"height":1333},{"@type":"BreadcrumbList","@id":"https:\/\/ppmhp.hr\/en\/247224\/#breadcrumb","itemListElement":[{"@type":"ListItem","position":1,"name":"Po\u010detna stranica","item":"https:\/\/ppmhp.hr\/en\/"},{"@type":"ListItem","position":2,"name":"Events in November"}]},{"@type":"WebSite","@id":"https:\/\/ppmhp.hr\/en\/#website","url":"https:\/\/ppmhp.hr\/en\/","name":"Pomorski i povijesni muzej Hrvatskog primorja","description":"Guvernerova Pala\u010da \/ Memorijalni centar Lipa pamti \/ Muzejska zbirka Kastav\u0161tine","potentialAction":[{"@type":"SearchAction","target":{"@type":"EntryPoint","urlTemplate":"https:\/\/ppmhp.hr\/en\/?s={search_term_string}"},"query-input":{"@type":"PropertyValueSpecification","valueRequired":true,"valueName":"search_term_string"}}],"inLanguage":"en-US"},{"@type":"Person","@id":"https:\/\/ppmhp.hr\/en\/#\/schema\/person\/1cb9aa0dc41966f75ec24e248ae949bd","name":"tiho","image":{"@type":"ImageObject","inLanguage":"en-US","@id":"https:\/\/secure.gravatar.com\/avatar\/0602550aa16592bef1fdd0f6c245025039c29b453d92fe631b91bfd53e9361c2?s=96&d=mm&r=g","url":"https:\/\/secure.gravatar.com\/avatar\/0602550aa16592bef1fdd0f6c245025039c29b453d92fe631b91bfd53e9361c2?s=96&d=mm&r=g","contentUrl":"https:\/\/secure.gravatar.com\/avatar\/0602550aa16592bef1fdd0f6c245025039c29b453d92fe631b91bfd53e9361c2?s=96&d=mm&r=g","caption":"tiho"}}]}},"_links":{"self":[{"href":"https:\/\/ppmhp.hr\/en\/wp-json\/wp\/v2\/posts\/247228","targetHints":{"allow":["GET"]}}],"collection":[{"href":"https:\/\/ppmhp.hr\/en\/wp-json\/wp\/v2\/posts"}],"about":[{"href":"https:\/\/ppmhp.hr\/en\/wp-json\/wp\/v2\/types\/post"}],"author":[{"embeddable":true,"href":"https:\/\/ppmhp.hr\/en\/wp-json\/wp\/v2\/users\/11"}],"replies":[{"embeddable":true,"href":"https:\/\/ppmhp.hr\/en\/wp-json\/wp\/v2\/comments?post=247228"}],"version-history":[{"count":0,"href":"https:\/\/ppmhp.hr\/en\/wp-json\/wp\/v2\/posts\/247228\/revisions"}],"wp:featuredmedia":[{"embeddable":true,"href":"https:\/\/ppmhp.hr\/en\/wp-json\/wp\/v2\/media\/246659"}],"wp:attachment":[{"href":"https:\/\/ppmhp.hr\/en\/wp-json\/wp\/v2\/media?parent=247228"}],"wp:term":[{"taxonomy":"category","embeddable":true,"href":"https:\/\/ppmhp.hr\/en\/wp-json\/wp\/v2\/categories?post=247228"},{"taxonomy":"post_tag","embeddable":true,"href":"https:\/\/ppmhp.hr\/en\/wp-json\/wp\/v2\/tags?post=247228"}],"curies":[{"name":"wp","href":"https:\/\/api.w.org\/{rel}","templated":true}]}}