{"id":246847,"date":"2023-09-05T12:15:35","date_gmt":"2023-09-05T10:15:35","guid":{"rendered":"https:\/\/ppmhp.hr\/?p=246847"},"modified":"2023-09-05T12:15:35","modified_gmt":"2023-09-05T10:15:35","slug":"events-in-september-5","status":"publish","type":"post","link":"https:\/\/ppmhp.hr\/en\/events-in-september-5\/","title":{"rendered":"Events in September"},"content":{"rendered":"<p><strong>THE GOVERNOR&#8217;S PALACE<\/strong><br \/>\nTrg Riccarda Zanelle 1, Rijeka<br \/>\nHours: Mon: 9 a.m. \u2013 4 p.m., Tue-Sat: 9 a.m. \u2013 8 p.m., Sun: 9 a.m. \u2013 1 p.m.<br \/>\nClosed on holidays.<\/p>\n<p><strong>EXHIBITION<\/strong><br \/>\n<strong>REMEMBER ME<\/strong><br \/>\norganizers: Croatian Restoration Institute, Maritime and History Museum of the Croatian Littoral Rijeka<br \/>\nexhibition conceived by: Andrej Jane\u0161, Ph.D. (CRI) and Jasna Uj\u010di\u0107 Grudeni\u0107 (PPMHP)<br \/>\nthe exhibition will remain open until 29 October 2023<\/p>\n<p>The exhibition is a collaboration between the Croatian Restoration Institute and the Maritime and History Museum of the Croatian Littoral Rijeka. It presents devotional objects held in the museum\u2019s Archaeology Department which were gathered during archaeological excavations around parish churches in Rijeka and Mo\u0161\u0107enice.<br \/>\nThe Archaeology Department of the Maritime and History Museum of the Croatian Littoral Rijeka holds a total of 700 exponents with a devotional character, and approximately 170 are presented in this exhibition.<\/p>\n<p><strong>EXHIBITION<\/strong><br \/>\n<strong>BURIAL RITES AND CUSTOMS OF ANCIENT ROME<\/strong><br \/>\norganizer: Zadar Archaeological Museum<br \/>\nco-organizer: Maritime and History Museum of the Croatian Littoral Rijeka<br \/>\nexhibition conceived by: Kornelia A. Giunio, Timka Alihod\u017ei\u0107<br \/>\nexhibition remains open until 30 October 2023<\/p>\n<p>Over 400 exponents are on display in the exhibition: from miniscule jewellery forms to structural components of graves. The social and spiritual traits of the population in the Zadar area from the 1st to 4th centuries can be understood through the prism of grave goods.<\/p>\n<p><strong>MIRACLE ROOM<\/strong><br \/>\nThe workshops for young creators are held in the Miracle Room at the Maritime and History Museum of the Croatian Littoral Rijeka and in the Museum\u2019s garden. Educational programmes are also being held at the remote collections.<\/p>\n<p><strong>PROGRAMME<\/strong><br \/>\n<strong>BIRTHDAY IN THE MUSEUM<\/strong><br \/>\nEducational birthday workshops in the Maritime and History Museum of the Croatian Littoral Rijeka are aimed at children aged 4 to 12. The workshops are thematic, and the celebrants can choose from six available themes: \u2018Masquerade Ball,\u2019 \u2018The Trsat Dragon,\u2019 \u2018On-board Emergency,\u2019 \u2018Unusual Form,\u2019 \u2018Challenge Trail,\u2019 and \u2018Treasure Hunt.\u2019<br \/>\nThe programme will proceed in the Museum\u2019s premises. Must be arranged in advance.<\/p>\n<p><strong>MIRACLE ROOM ON THE ROAD<\/strong><br \/>\nMiracle Room on the Road is intended for children from distant schools, so that they can more easily participate in educational and creative programmes tied to the Museum\u2019s inventory and content, as well as segments of the local cultural and historical heritage.<\/p>\n<p><strong>MORNING IN THE MUSEUM<\/strong><br \/>\n<strong>MEMORIES WORKSHOP<\/strong><br \/>\n<strong>date and time: Saturday, 30 September 2023 from 9 a.m. to 1 p.m.<\/strong><br \/>\nleader: Iva Volovi\u0107<br \/>\nThe workshop is intended for children aged 6 to 11.<br \/>\nPrice: \u20ac5.31<br \/>\nApply: by sending a message to the Miracle Room (\u010cudotvornica) Facebook page, by e-mail: cudotvornica@ppmhp.hr or telephone at +385 51 213578.<\/p>\n<p>School has started, but the daily grind hasn\u2019t set in yet. That\u2019s why now is the best time to once more recall our fondest summer memories. Besides our imaginations, we can find inspiration in the Museum!<\/p>\n<p><strong>KASTAV REGIONAL MUSEUM COLLECTION<\/strong><br \/>\nProlaz Ivana iz Kastva 1, Kastav<br \/>\nsummer hours: from 1 June to 30 September<br \/>\nTuesdays and Thursdays: 10 a.m. \u2013 12 p.m.<br \/>\nWednesdays, Fridays, Saturdays, and Sundays: 5 \u2013 9 p.m.<\/p>\n<p>The history of Kastav and the wider environs (Kastav\u0161tina) is presented in the permanent display in three thematic units: The Origin of Kastav, Culture and Education in Kastav\u0161tina, and Life on the Border.<br \/>\nThe exhibition \u201cFrom the Museum\u2019s Time Machine\u201d presents the Collection\u2019s first opening in 1981.<\/p>\n<p><strong>LIPA REMEMBERS MEMORIAL CENTRE<\/strong><br \/>\nLipa 35, \u0160apjane<br \/>\nHours: Tue, Thu, Fri: 10 a.m. \u2013 2 p.m.<br \/>\nWed: 12 p.m. \u2013 7 p.m.<br \/>\nSat: 10 a.m. \u2013 6 p.m.<br \/>\nClosed on Sundays, Mondays and holidays.<\/p>\n<p>Permanent display.<\/p>\n<p><strong>BOOK PRESENTATION<\/strong><br \/>\n<strong>\u201cFEAR OF REMEMBERING\u201d<\/strong><br \/>\nauthor: Natka Badurina<br \/>\npublisher: Disput d.o.o., Zagreb<br \/>\nlocation, date and time: Memorial Centre on 12 September 2023 at 7 p.m.<br \/>\nNatka Badurina, a Rijeka native employed at the University of Udine, has been diligently gathering and studying materials tied to the ways in which differently interpreted historical events are remembered. In almost three hundred pages, the book Strah od pam\u0107enja (\u2018Fear of Remembering\u2019) reveals various sources for remembering events in the northern Adriatic (today\u2019s Italy, Slovenia and Croatia) from the first half of the 20th century.<br \/>\nBesides its author, the book will also be presented by Ivan Jeli\u010di\u0107, Ph.D., a professor at the Faculty of Humanities and Social Science in Rijeka and Tea Perin\u010di\u0107, Ph.D., an advisor in the Maritime and History Museum of the Croatian Littoral Rijeka.<\/p>\n<p><strong>KRALJEVICA SHIPYARD MODEL COLLECTION<\/strong><br \/>\nVisits are possible by prior arrangement with the Museum and under the conditions stipulated by the Dalmont Shipyard in Kraljevica.<\/p>\n<p><strong>CICKINI ARCHAEOLOGICAL COLLECTION, ISLAND OF KRK<\/strong><br \/>\nVisits are possible by prior arrangement.<\/p>\n","protected":false},"excerpt":{"rendered":"<p>THE GOVERNOR&#8217;S PALACE Trg Riccarda Zanelle 1, Rijeka Hours: Mon: 9 a.m. \u2013 4 p.m., Tue-Sat: 9 a.m. \u2013 8 p.m., Sun: 9 a.m. \u2013 1 p.m. Closed on holidays. EXHIBITION REMEMBER ME organizers: Croatian Restoration Institute, Maritime and History Museum of the Croatian Littoral Rijeka exhibition conceived by: Andrej Jane\u0161, Ph.D. (CRI) and Jasna [&hellip;]<\/p>\n","protected":false},"author":11,"featured_media":246659,"comment_status":"open","ping_status":"open","sticky":false,"template":"","format":"standard","meta":{"_acf_changed":false,"_et_pb_use_builder":"","_et_pb_old_content":"","_et_gb_content_width":"","inline_featured_image":false,"footnotes":""},"categories":[497,530,531,532,507],"tags":[],"class_list":["post-246847","post","type-post","status-publish","format-standard","has-post-thumbnail","hentry","category-events","category-events-kastav","category-events-lipa","category-events-palace","category-featured"],"acf":[],"yoast_head":"<!-- This site is optimized with the Yoast SEO plugin v27.3 - https:\/\/yoast.com\/product\/yoast-seo-wordpress\/ -->\n<title>Events in September - Pomorski i povijesni muzej Hrvatskog primorja<\/title>\n<meta name=\"robots\" content=\"index, follow, max-snippet:-1, max-image-preview:large, max-video-preview:-1\" \/>\n<link rel=\"canonical\" href=\"https:\/\/ppmhp.hr\/en\/events-in-september-5\/\" \/>\n<meta property=\"og:locale\" content=\"en_US\" \/>\n<meta property=\"og:type\" content=\"article\" \/>\n<meta property=\"og:title\" content=\"Events in September - Pomorski i povijesni muzej Hrvatskog primorja\" \/>\n<meta property=\"og:description\" content=\"THE GOVERNOR&#8217;S PALACE Trg Riccarda Zanelle 1, Rijeka Hours: Mon: 9 a.m. \u2013 4 p.m., Tue-Sat: 9 a.m. \u2013 8 p.m., Sun: 9 a.m. \u2013 1 p.m. Closed on holidays. EXHIBITION REMEMBER ME organizers: Croatian Restoration Institute, Maritime and History Museum of the Croatian Littoral Rijeka exhibition conceived by: Andrej Jane\u0161, Ph.D. (CRI) and Jasna [&hellip;]\" \/>\n<meta property=\"og:url\" content=\"https:\/\/ppmhp.hr\/en\/events-in-september-5\/\" \/>\n<meta property=\"og:site_name\" content=\"Pomorski i povijesni muzej Hrvatskog primorja\" \/>\n<meta property=\"article:published_time\" content=\"2023-09-05T10:15:35+00:00\" \/>\n<meta property=\"og:image\" content=\"https:\/\/ppmhp.hr\/web\/wp-content\/uploads\/2023\/07\/ppmhp_rijeka_big_featured-e1689931843960.jpg\" \/>\n\t<meta property=\"og:image:width\" content=\"2000\" \/>\n\t<meta property=\"og:image:height\" content=\"1333\" \/>\n\t<meta property=\"og:image:type\" content=\"image\/jpeg\" \/>\n<meta name=\"author\" content=\"tiho\" \/>\n<meta name=\"twitter:card\" content=\"summary_large_image\" \/>\n<meta name=\"twitter:label1\" content=\"Written by\" \/>\n\t<meta name=\"twitter:data1\" content=\"tiho\" \/>\n\t<meta name=\"twitter:label2\" content=\"Est. reading time\" \/>\n\t<meta name=\"twitter:data2\" content=\"5 minutes\" \/>\n<script type=\"application\/ld+json\" class=\"yoast-schema-graph\">{\"@context\":\"https:\\\/\\\/schema.org\",\"@graph\":[{\"@type\":\"Article\",\"@id\":\"https:\\\/\\\/ppmhp.hr\\\/en\\\/events-in-september-5\\\/#article\",\"isPartOf\":{\"@id\":\"https:\\\/\\\/ppmhp.hr\\\/en\\\/events-in-september-5\\\/\"},\"author\":{\"name\":\"tiho\",\"@id\":\"https:\\\/\\\/ppmhp.hr\\\/en\\\/#\\\/schema\\\/person\\\/1cb9aa0dc41966f75ec24e248ae949bd\"},\"headline\":\"Events in September\",\"datePublished\":\"2023-09-05T10:15:35+00:00\",\"mainEntityOfPage\":{\"@id\":\"https:\\\/\\\/ppmhp.hr\\\/en\\\/events-in-september-5\\\/\"},\"wordCount\":750,\"commentCount\":0,\"image\":{\"@id\":\"https:\\\/\\\/ppmhp.hr\\\/en\\\/events-in-september-5\\\/#primaryimage\"},\"thumbnailUrl\":\"https:\\\/\\\/ppmhp.hr\\\/web\\\/wp-content\\\/uploads\\\/2023\\\/07\\\/ppmhp_rijeka_big_featured-e1689931843960.jpg\",\"articleSection\":[\"Events\",\"Events Kastav\",\"Events Lipa\",\"Events Palace\",\"Featured\"],\"inLanguage\":\"en-US\",\"potentialAction\":[{\"@type\":\"CommentAction\",\"name\":\"Comment\",\"target\":[\"https:\\\/\\\/ppmhp.hr\\\/en\\\/events-in-september-5\\\/#respond\"]}]},{\"@type\":\"WebPage\",\"@id\":\"https:\\\/\\\/ppmhp.hr\\\/en\\\/events-in-september-5\\\/\",\"url\":\"https:\\\/\\\/ppmhp.hr\\\/en\\\/events-in-september-5\\\/\",\"name\":\"Events in September - Pomorski i povijesni muzej Hrvatskog primorja\",\"isPartOf\":{\"@id\":\"https:\\\/\\\/ppmhp.hr\\\/en\\\/#website\"},\"primaryImageOfPage\":{\"@id\":\"https:\\\/\\\/ppmhp.hr\\\/en\\\/events-in-september-5\\\/#primaryimage\"},\"image\":{\"@id\":\"https:\\\/\\\/ppmhp.hr\\\/en\\\/events-in-september-5\\\/#primaryimage\"},\"thumbnailUrl\":\"https:\\\/\\\/ppmhp.hr\\\/web\\\/wp-content\\\/uploads\\\/2023\\\/07\\\/ppmhp_rijeka_big_featured-e1689931843960.jpg\",\"datePublished\":\"2023-09-05T10:15:35+00:00\",\"author\":{\"@id\":\"https:\\\/\\\/ppmhp.hr\\\/en\\\/#\\\/schema\\\/person\\\/1cb9aa0dc41966f75ec24e248ae949bd\"},\"breadcrumb\":{\"@id\":\"https:\\\/\\\/ppmhp.hr\\\/en\\\/events-in-september-5\\\/#breadcrumb\"},\"inLanguage\":\"en-US\",\"potentialAction\":[{\"@type\":\"ReadAction\",\"target\":[\"https:\\\/\\\/ppmhp.hr\\\/en\\\/events-in-september-5\\\/\"]}]},{\"@type\":\"ImageObject\",\"inLanguage\":\"en-US\",\"@id\":\"https:\\\/\\\/ppmhp.hr\\\/en\\\/events-in-september-5\\\/#primaryimage\",\"url\":\"https:\\\/\\\/ppmhp.hr\\\/web\\\/wp-content\\\/uploads\\\/2023\\\/07\\\/ppmhp_rijeka_big_featured-e1689931843960.jpg\",\"contentUrl\":\"https:\\\/\\\/ppmhp.hr\\\/web\\\/wp-content\\\/uploads\\\/2023\\\/07\\\/ppmhp_rijeka_big_featured-e1689931843960.jpg\",\"width\":2000,\"height\":1333},{\"@type\":\"BreadcrumbList\",\"@id\":\"https:\\\/\\\/ppmhp.hr\\\/en\\\/events-in-september-5\\\/#breadcrumb\",\"itemListElement\":[{\"@type\":\"ListItem\",\"position\":1,\"name\":\"Po\u010detna stranica\",\"item\":\"https:\\\/\\\/ppmhp.hr\\\/en\\\/\"},{\"@type\":\"ListItem\",\"position\":2,\"name\":\"Events in September\"}]},{\"@type\":\"WebSite\",\"@id\":\"https:\\\/\\\/ppmhp.hr\\\/en\\\/#website\",\"url\":\"https:\\\/\\\/ppmhp.hr\\\/en\\\/\",\"name\":\"Pomorski i povijesni muzej Hrvatskog primorja\",\"description\":\"Guvernerova Pala\u010da \\\/ Memorijalni centar Lipa pamti \\\/ Muzejska zbirka Kastav\u0161tine\",\"potentialAction\":[{\"@type\":\"SearchAction\",\"target\":{\"@type\":\"EntryPoint\",\"urlTemplate\":\"https:\\\/\\\/ppmhp.hr\\\/en\\\/?s={search_term_string}\"},\"query-input\":{\"@type\":\"PropertyValueSpecification\",\"valueRequired\":true,\"valueName\":\"search_term_string\"}}],\"inLanguage\":\"en-US\"},{\"@type\":\"Person\",\"@id\":\"https:\\\/\\\/ppmhp.hr\\\/en\\\/#\\\/schema\\\/person\\\/1cb9aa0dc41966f75ec24e248ae949bd\",\"name\":\"tiho\",\"image\":{\"@type\":\"ImageObject\",\"inLanguage\":\"en-US\",\"@id\":\"https:\\\/\\\/secure.gravatar.com\\\/avatar\\\/0602550aa16592bef1fdd0f6c245025039c29b453d92fe631b91bfd53e9361c2?s=96&d=mm&r=g\",\"url\":\"https:\\\/\\\/secure.gravatar.com\\\/avatar\\\/0602550aa16592bef1fdd0f6c245025039c29b453d92fe631b91bfd53e9361c2?s=96&d=mm&r=g\",\"contentUrl\":\"https:\\\/\\\/secure.gravatar.com\\\/avatar\\\/0602550aa16592bef1fdd0f6c245025039c29b453d92fe631b91bfd53e9361c2?s=96&d=mm&r=g\",\"caption\":\"tiho\"}}]}<\/script>\n<!-- \/ Yoast SEO plugin. -->","yoast_head_json":{"title":"Events in September - Pomorski i povijesni muzej Hrvatskog primorja","robots":{"index":"index","follow":"follow","max-snippet":"max-snippet:-1","max-image-preview":"max-image-preview:large","max-video-preview":"max-video-preview:-1"},"canonical":"https:\/\/ppmhp.hr\/en\/events-in-september-5\/","og_locale":"en_US","og_type":"article","og_title":"Events in September - Pomorski i povijesni muzej Hrvatskog primorja","og_description":"THE GOVERNOR&#8217;S PALACE Trg Riccarda Zanelle 1, Rijeka Hours: Mon: 9 a.m. \u2013 4 p.m., Tue-Sat: 9 a.m. \u2013 8 p.m., Sun: 9 a.m. \u2013 1 p.m. Closed on holidays. EXHIBITION REMEMBER ME organizers: Croatian Restoration Institute, Maritime and History Museum of the Croatian Littoral Rijeka exhibition conceived by: Andrej Jane\u0161, Ph.D. (CRI) and Jasna [&hellip;]","og_url":"https:\/\/ppmhp.hr\/en\/events-in-september-5\/","og_site_name":"Pomorski i povijesni muzej Hrvatskog primorja","article_published_time":"2023-09-05T10:15:35+00:00","og_image":[{"width":2000,"height":1333,"url":"https:\/\/ppmhp.hr\/web\/wp-content\/uploads\/2023\/07\/ppmhp_rijeka_big_featured-e1689931843960.jpg","type":"image\/jpeg"}],"author":"tiho","twitter_card":"summary_large_image","twitter_misc":{"Written by":"tiho","Est. reading time":"5 minutes"},"schema":{"@context":"https:\/\/schema.org","@graph":[{"@type":"Article","@id":"https:\/\/ppmhp.hr\/en\/events-in-september-5\/#article","isPartOf":{"@id":"https:\/\/ppmhp.hr\/en\/events-in-september-5\/"},"author":{"name":"tiho","@id":"https:\/\/ppmhp.hr\/en\/#\/schema\/person\/1cb9aa0dc41966f75ec24e248ae949bd"},"headline":"Events in September","datePublished":"2023-09-05T10:15:35+00:00","mainEntityOfPage":{"@id":"https:\/\/ppmhp.hr\/en\/events-in-september-5\/"},"wordCount":750,"commentCount":0,"image":{"@id":"https:\/\/ppmhp.hr\/en\/events-in-september-5\/#primaryimage"},"thumbnailUrl":"https:\/\/ppmhp.hr\/web\/wp-content\/uploads\/2023\/07\/ppmhp_rijeka_big_featured-e1689931843960.jpg","articleSection":["Events","Events Kastav","Events Lipa","Events Palace","Featured"],"inLanguage":"en-US","potentialAction":[{"@type":"CommentAction","name":"Comment","target":["https:\/\/ppmhp.hr\/en\/events-in-september-5\/#respond"]}]},{"@type":"WebPage","@id":"https:\/\/ppmhp.hr\/en\/events-in-september-5\/","url":"https:\/\/ppmhp.hr\/en\/events-in-september-5\/","name":"Events in September - Pomorski i povijesni muzej Hrvatskog primorja","isPartOf":{"@id":"https:\/\/ppmhp.hr\/en\/#website"},"primaryImageOfPage":{"@id":"https:\/\/ppmhp.hr\/en\/events-in-september-5\/#primaryimage"},"image":{"@id":"https:\/\/ppmhp.hr\/en\/events-in-september-5\/#primaryimage"},"thumbnailUrl":"https:\/\/ppmhp.hr\/web\/wp-content\/uploads\/2023\/07\/ppmhp_rijeka_big_featured-e1689931843960.jpg","datePublished":"2023-09-05T10:15:35+00:00","author":{"@id":"https:\/\/ppmhp.hr\/en\/#\/schema\/person\/1cb9aa0dc41966f75ec24e248ae949bd"},"breadcrumb":{"@id":"https:\/\/ppmhp.hr\/en\/events-in-september-5\/#breadcrumb"},"inLanguage":"en-US","potentialAction":[{"@type":"ReadAction","target":["https:\/\/ppmhp.hr\/en\/events-in-september-5\/"]}]},{"@type":"ImageObject","inLanguage":"en-US","@id":"https:\/\/ppmhp.hr\/en\/events-in-september-5\/#primaryimage","url":"https:\/\/ppmhp.hr\/web\/wp-content\/uploads\/2023\/07\/ppmhp_rijeka_big_featured-e1689931843960.jpg","contentUrl":"https:\/\/ppmhp.hr\/web\/wp-content\/uploads\/2023\/07\/ppmhp_rijeka_big_featured-e1689931843960.jpg","width":2000,"height":1333},{"@type":"BreadcrumbList","@id":"https:\/\/ppmhp.hr\/en\/events-in-september-5\/#breadcrumb","itemListElement":[{"@type":"ListItem","position":1,"name":"Po\u010detna stranica","item":"https:\/\/ppmhp.hr\/en\/"},{"@type":"ListItem","position":2,"name":"Events in September"}]},{"@type":"WebSite","@id":"https:\/\/ppmhp.hr\/en\/#website","url":"https:\/\/ppmhp.hr\/en\/","name":"Pomorski i povijesni muzej Hrvatskog primorja","description":"Guvernerova Pala\u010da \/ Memorijalni centar Lipa pamti \/ Muzejska zbirka Kastav\u0161tine","potentialAction":[{"@type":"SearchAction","target":{"@type":"EntryPoint","urlTemplate":"https:\/\/ppmhp.hr\/en\/?s={search_term_string}"},"query-input":{"@type":"PropertyValueSpecification","valueRequired":true,"valueName":"search_term_string"}}],"inLanguage":"en-US"},{"@type":"Person","@id":"https:\/\/ppmhp.hr\/en\/#\/schema\/person\/1cb9aa0dc41966f75ec24e248ae949bd","name":"tiho","image":{"@type":"ImageObject","inLanguage":"en-US","@id":"https:\/\/secure.gravatar.com\/avatar\/0602550aa16592bef1fdd0f6c245025039c29b453d92fe631b91bfd53e9361c2?s=96&d=mm&r=g","url":"https:\/\/secure.gravatar.com\/avatar\/0602550aa16592bef1fdd0f6c245025039c29b453d92fe631b91bfd53e9361c2?s=96&d=mm&r=g","contentUrl":"https:\/\/secure.gravatar.com\/avatar\/0602550aa16592bef1fdd0f6c245025039c29b453d92fe631b91bfd53e9361c2?s=96&d=mm&r=g","caption":"tiho"}}]}},"_links":{"self":[{"href":"https:\/\/ppmhp.hr\/en\/wp-json\/wp\/v2\/posts\/246847","targetHints":{"allow":["GET"]}}],"collection":[{"href":"https:\/\/ppmhp.hr\/en\/wp-json\/wp\/v2\/posts"}],"about":[{"href":"https:\/\/ppmhp.hr\/en\/wp-json\/wp\/v2\/types\/post"}],"author":[{"embeddable":true,"href":"https:\/\/ppmhp.hr\/en\/wp-json\/wp\/v2\/users\/11"}],"replies":[{"embeddable":true,"href":"https:\/\/ppmhp.hr\/en\/wp-json\/wp\/v2\/comments?post=246847"}],"version-history":[{"count":0,"href":"https:\/\/ppmhp.hr\/en\/wp-json\/wp\/v2\/posts\/246847\/revisions"}],"wp:featuredmedia":[{"embeddable":true,"href":"https:\/\/ppmhp.hr\/en\/wp-json\/wp\/v2\/media\/246659"}],"wp:attachment":[{"href":"https:\/\/ppmhp.hr\/en\/wp-json\/wp\/v2\/media?parent=246847"}],"wp:term":[{"taxonomy":"category","embeddable":true,"href":"https:\/\/ppmhp.hr\/en\/wp-json\/wp\/v2\/categories?post=246847"},{"taxonomy":"post_tag","embeddable":true,"href":"https:\/\/ppmhp.hr\/en\/wp-json\/wp\/v2\/tags?post=246847"}],"curies":[{"name":"wp","href":"https:\/\/api.w.org\/{rel}","templated":true}]}}