{"id":246602,"date":"2023-06-30T14:13:00","date_gmt":"2023-06-30T12:13:00","guid":{"rendered":"https:\/\/ppmhp.hr\/dogadanja-u-srpnju-4\/"},"modified":"2023-08-10T09:12:27","modified_gmt":"2023-08-10T07:12:27","slug":"dogadanja-u-srpnju-4","status":"publish","type":"post","link":"https:\/\/ppmhp.hr\/en\/dogadanja-u-srpnju-4\/","title":{"rendered":"Events in July"},"content":{"rendered":"<p><strong>THE GOVERNOR&#8217;S PALACE<\/strong><br \/>\nTrg Riccarda Zanelle 1, Rijeka<br \/>\nHours: Mon: 9 a.m. \u2013 4 p.m., Tue-Sat: 9 a.m. \u2013 8 p.m., Sun: 9 a.m. \u2013 1 p.m.<br \/>\nClosed on holidays.<\/p>\n<p><strong>EXHIBITION <\/strong><br \/>\n<strong>REMEMBER ME<\/strong><br \/>\norganizers: Croatian Restoration Institute, Maritime and History Museum of the Croatian Littoral Rijeka<br \/>\nexhibition conceived by: Andrej Jane\u0161, Ph.D. (CRI) and Jasna Uj\u010di\u0107 Grudeni\u0107 (PPMHP)<br \/>\n<strong>exhibition opening: 28 July 2023 at 6 p.m. <\/strong><br \/>\n<strong>the exhibition will remain open until 30 October 2023<\/strong><\/p>\n<p>Ahead of the Feast of the Assumption of Mary, an exhibition in our museum\u2019s Grand Atrium will present devotional objects held in the museum\u2019s Archaeology Department which were gathered during archaeological excavations around parish churches in Rijeka and Mo\u0161\u0107enice.<br \/>\nDevotional objects are those which encourage and spread piety and evoke religious mysteries. These include small medals, medallions, crosses, talismans and rosaries that were particularly popular in the 17th and 18th centuries. Among them the most numerous are the small medals bearing images of Jesus or Mary, various saints, sacred objects or places.<br \/>\nThe small medals from Rijeka and Trsat are particularly intriguing because it is believed that they were crafted in local workshops.<\/p>\n<p><strong>EXHIBITION <\/strong><br \/>\n<strong>BURIAL RITES AND CUSTOMS OF ANCIENT ROME<\/strong><br \/>\norganizer: Zadar Archaeological Museum<br \/>\nco-organizer: Maritime and History Museum of the Croatian Littoral Rijeka<br \/>\nexhibition conceived by: Kornelia A. Giunio, Timka Alihod\u017ei\u0107<br \/>\n<strong>exhibition remains open until 30 October 2023<\/strong><\/p>\n<p>Over 400 exponents are on display in the exhibition: from miniscule jewellery forms to structural components of graves. The social and spiritual traits of the population in the Zadar area from the 1st to 4th centuries can be understood through the prism of grave goods.<br \/>\nThe exhibition will be accompanied by thematic lectures for the public and workshops for children.<\/p>\n<p><strong>EXHIBITION <\/strong><br \/>\n<strong>MRGARI \u2013 BA\u0160KA\u2019S STONE FLOWERS<\/strong><br \/>\norganizers: Maritime and History Museum of the Croatian Littoral Rijeka, Sinjali Association, Tourism Board of the Ba\u0161ka Municipality in cooperation with the Archaeological Museum in Zagreb<br \/>\nphotographer: Sanjin Ili\u0107<br \/>\n<strong>the exhibition will remain open until 20 July 2023<\/strong><\/p>\n<p>Mrgari are the loveliest example of the ancient wall construction technique of stacking stones without any kind of binding material. These multi-pen sheep folds with a layout resembling giant stone flowers dominate the karst landscape on the plateaus above the Ba\u0161ka Valley.<br \/>\nThe exhibition will be enhanced with new photographs of mrgari, as well as photographs from the Ljubimer mrgari restoration workshops.<br \/>\n<strong>About the artist<\/strong><br \/>\nSanjin Ili\u0107 was born in Rijeka in 1967. He has family roots in Jurandvor, next to Ba\u0161ka. For roughly twenty years he has attempted to convey his fascination with the austere beauty of the Ba\u0161ka plateau through photographs.<\/p>\n<p><strong>MIRACLE ROOM<\/strong><br \/>\nThe workshops for young creators are held in the Miracle Room at the Maritime and History Museum of the Croatian Littoral Rijeka and in the Museum\u2019s garden. Educational programmes are also being held at the remote collections.<\/p>\n<p><strong>PROGRAMME<\/strong><br \/>\n<strong>BIRTHDAY IN THE MUSEUM<\/strong><br \/>\nEducational birthday workshops in the Maritime and History Museum of the Croatian Littoral Rijeka are aimed at children aged 4 to 12. The workshops are thematic, and the celebrants can choose from six available themes: \u2018Masquerade Ball,\u2019 \u2018The Trsat Dragon,\u2019 \u2018On-board Emergency,\u2019 \u2018Unusual Form,\u2019 \u2018Challenge Trail,\u2019 and \u2018Treasure Hunt.\u2019<br \/>\nThe programme will proceed in the Museum\u2019s premises. Must be arranged in advance.<\/p>\n<p><strong>MIRACLE ROOM ON THE ROAD<\/strong><br \/>\nMiracle Room on the Road is intended for children from distant schools, so that they can more easily participate in educational and creative programmes tied to the Museum\u2019s inventory and content, as well as segments of the local cultural and historical heritage.<\/p>\n<p><strong>MORNING IN THE MUSEUM<\/strong><br \/>\n<strong>WORKSHOP<\/strong><br \/>\n<strong>STONE FLOWERS<\/strong><br \/>\n<strong>date and time: 15 July 2023, from 9 a.m. to 1 p.m.<\/strong><br \/>\nleader: Iva Volovi\u0107<br \/>\nPrior to departing for the sea, perhaps even to Ba\u0161ka, participants will become familiar with the fascinating \u201cflowers\u201d located above Ba\u0161ka on the island of Krk, which do not grow from the ground.<br \/>\nThe workshop is intended for children aged 6 to 10.<br \/>\nPrice: \u20ac5.31<\/p>\n<p>Apply: by sending a message to the Miracle Room (\u010cudotvornica) Facebook page, by e-mail: cudotvornica@ppmhp.hr or telephone at +385 51 213578.<\/p>\n<p><strong>KASTAV REGIONAL MUSEUM COLLECTION<\/strong><br \/>\nProlaz Ivana iz Kastva 1, Kastav<br \/>\nsummer hours: from 1 June to 30 September<br \/>\nTuesdays and Thursdays: 10 a.m. \u2013 12 p.m.<br \/>\nWednesdays, Fridays, Saturdays, and Sundays: 5 \u2013 9 p.m.<\/p>\n<p>The history of Kastav and the wider environs (Kastav\u0161tina) is presented in the permanent display in three thematic units: The Origin of Kastav, Culture and Education in Kastav\u0161tina, and Life on the Border.<br \/>\nThe exhibition \u201cFrom the Museum\u2019s Time Machine\u201d presents the Collection\u2019s first opening in 1981.<\/p>\n<p><strong>LIPA REMEMBERS MEMORIAL CENTRE<\/strong><br \/>\nLipa 35, \u0160apjane<br \/>\nHours: Tuesday, Thursday, Friday: 10 a.m. to 2 p.m<br \/>\nWednesday, Saturday: 1 p.m. to 5 p.m.<br \/>\nPermanent display.<\/p>\n<p><strong>KRALJEVICA SHIPYARD MODEL COLLECTION<\/strong><br \/>\nVisits are possible by prior arrangement with the Museum and under the conditions stipulated by the Dalmont Shipyard in Kraljevica.<\/p>\n<p><strong>CICKINI ARCHAEOLOGICAL COLLECTION, ISLAND OF KRK<\/strong><br \/>\nVisits are possible by prior arrangement.<\/p>\n","protected":false},"excerpt":{"rendered":"<p>THE GOVERNOR&#8217;S PALACE Trg Riccarda Zanelle 1, Rijeka Hours: Mon: 9 a.m. \u2013 4 p.m., Tue-Sat: 9 a.m. \u2013 8 p.m., Sun: 9 a.m. \u2013 1 p.m. Closed on holidays. EXHIBITION REMEMBER ME organizers: Croatian Restoration Institute, Maritime and History Museum of the Croatian Littoral Rijeka exhibition conceived by: Andrej Jane\u0161, Ph.D. (CRI) and Jasna [&hellip;]<\/p>\n","protected":false},"author":11,"featured_media":245677,"comment_status":"open","ping_status":"open","sticky":false,"template":"","format":"standard","meta":{"_acf_changed":false,"_et_pb_use_builder":"","_et_pb_old_content":"","_et_gb_content_width":"","inline_featured_image":false,"footnotes":""},"categories":[497,530,531,532,507],"tags":[],"class_list":["post-246602","post","type-post","status-publish","format-standard","has-post-thumbnail","hentry","category-events","category-events-kastav","category-events-lipa","category-events-palace","category-featured"],"acf":[],"yoast_head":"<!-- This site is optimized with the Yoast SEO plugin v27.3 - https:\/\/yoast.com\/product\/yoast-seo-wordpress\/ -->\n<title>Events in July - Pomorski i povijesni muzej Hrvatskog primorja<\/title>\n<meta name=\"robots\" content=\"index, follow, max-snippet:-1, max-image-preview:large, max-video-preview:-1\" \/>\n<link rel=\"canonical\" href=\"https:\/\/ppmhp.hr\/en\/dogadanja-u-srpnju-4\/\" \/>\n<meta property=\"og:locale\" content=\"en_US\" \/>\n<meta property=\"og:type\" content=\"article\" \/>\n<meta property=\"og:title\" content=\"Events in July - Pomorski i povijesni muzej Hrvatskog primorja\" \/>\n<meta property=\"og:description\" content=\"THE GOVERNOR&#8217;S PALACE Trg Riccarda Zanelle 1, Rijeka Hours: Mon: 9 a.m. \u2013 4 p.m., Tue-Sat: 9 a.m. \u2013 8 p.m., Sun: 9 a.m. \u2013 1 p.m. Closed on holidays. EXHIBITION REMEMBER ME organizers: Croatian Restoration Institute, Maritime and History Museum of the Croatian Littoral Rijeka exhibition conceived by: Andrej Jane\u0161, Ph.D. (CRI) and Jasna [&hellip;]\" \/>\n<meta property=\"og:url\" content=\"https:\/\/ppmhp.hr\/en\/dogadanja-u-srpnju-4\/\" \/>\n<meta property=\"og:site_name\" content=\"Pomorski i povijesni muzej Hrvatskog primorja\" \/>\n<meta property=\"article:published_time\" content=\"2023-06-30T12:13:00+00:00\" \/>\n<meta property=\"article:modified_time\" content=\"2023-08-10T07:12:27+00:00\" \/>\n<meta property=\"og:image\" content=\"https:\/\/ppmhp.hr\/web\/wp-content\/uploads\/2022\/02\/guver-istaknuta-1080.jpg\" \/>\n\t<meta property=\"og:image:width\" content=\"1920\" \/>\n\t<meta property=\"og:image:height\" content=\"1080\" \/>\n\t<meta property=\"og:image:type\" content=\"image\/jpeg\" \/>\n<meta name=\"author\" content=\"tiho\" \/>\n<meta name=\"twitter:card\" content=\"summary_large_image\" \/>\n<meta name=\"twitter:label1\" content=\"Written by\" \/>\n\t<meta name=\"twitter:data1\" content=\"tiho\" \/>\n\t<meta name=\"twitter:label2\" content=\"Est. reading time\" \/>\n\t<meta name=\"twitter:data2\" content=\"5 minutes\" \/>\n<script type=\"application\/ld+json\" class=\"yoast-schema-graph\">{\"@context\":\"https:\\\/\\\/schema.org\",\"@graph\":[{\"@type\":\"Article\",\"@id\":\"https:\\\/\\\/ppmhp.hr\\\/en\\\/dogadanja-u-srpnju-4\\\/#article\",\"isPartOf\":{\"@id\":\"https:\\\/\\\/ppmhp.hr\\\/en\\\/dogadanja-u-srpnju-4\\\/\"},\"author\":{\"name\":\"tiho\",\"@id\":\"https:\\\/\\\/ppmhp.hr\\\/en\\\/#\\\/schema\\\/person\\\/1cb9aa0dc41966f75ec24e248ae949bd\"},\"headline\":\"Events in July\",\"datePublished\":\"2023-06-30T12:13:00+00:00\",\"dateModified\":\"2023-08-10T07:12:27+00:00\",\"mainEntityOfPage\":{\"@id\":\"https:\\\/\\\/ppmhp.hr\\\/en\\\/dogadanja-u-srpnju-4\\\/\"},\"wordCount\":810,\"commentCount\":0,\"image\":{\"@id\":\"https:\\\/\\\/ppmhp.hr\\\/en\\\/dogadanja-u-srpnju-4\\\/#primaryimage\"},\"thumbnailUrl\":\"https:\\\/\\\/ppmhp.hr\\\/web\\\/wp-content\\\/uploads\\\/2022\\\/02\\\/guver-istaknuta-1080.jpg\",\"articleSection\":[\"Events\",\"Events Kastav\",\"Events Lipa\",\"Events Palace\",\"Featured\"],\"inLanguage\":\"en-US\",\"potentialAction\":[{\"@type\":\"CommentAction\",\"name\":\"Comment\",\"target\":[\"https:\\\/\\\/ppmhp.hr\\\/en\\\/dogadanja-u-srpnju-4\\\/#respond\"]}]},{\"@type\":\"WebPage\",\"@id\":\"https:\\\/\\\/ppmhp.hr\\\/en\\\/dogadanja-u-srpnju-4\\\/\",\"url\":\"https:\\\/\\\/ppmhp.hr\\\/en\\\/dogadanja-u-srpnju-4\\\/\",\"name\":\"Events in July - Pomorski i povijesni muzej Hrvatskog primorja\",\"isPartOf\":{\"@id\":\"https:\\\/\\\/ppmhp.hr\\\/en\\\/#website\"},\"primaryImageOfPage\":{\"@id\":\"https:\\\/\\\/ppmhp.hr\\\/en\\\/dogadanja-u-srpnju-4\\\/#primaryimage\"},\"image\":{\"@id\":\"https:\\\/\\\/ppmhp.hr\\\/en\\\/dogadanja-u-srpnju-4\\\/#primaryimage\"},\"thumbnailUrl\":\"https:\\\/\\\/ppmhp.hr\\\/web\\\/wp-content\\\/uploads\\\/2022\\\/02\\\/guver-istaknuta-1080.jpg\",\"datePublished\":\"2023-06-30T12:13:00+00:00\",\"dateModified\":\"2023-08-10T07:12:27+00:00\",\"author\":{\"@id\":\"https:\\\/\\\/ppmhp.hr\\\/en\\\/#\\\/schema\\\/person\\\/1cb9aa0dc41966f75ec24e248ae949bd\"},\"breadcrumb\":{\"@id\":\"https:\\\/\\\/ppmhp.hr\\\/en\\\/dogadanja-u-srpnju-4\\\/#breadcrumb\"},\"inLanguage\":\"en-US\",\"potentialAction\":[{\"@type\":\"ReadAction\",\"target\":[\"https:\\\/\\\/ppmhp.hr\\\/en\\\/dogadanja-u-srpnju-4\\\/\"]}]},{\"@type\":\"ImageObject\",\"inLanguage\":\"en-US\",\"@id\":\"https:\\\/\\\/ppmhp.hr\\\/en\\\/dogadanja-u-srpnju-4\\\/#primaryimage\",\"url\":\"https:\\\/\\\/ppmhp.hr\\\/web\\\/wp-content\\\/uploads\\\/2022\\\/02\\\/guver-istaknuta-1080.jpg\",\"contentUrl\":\"https:\\\/\\\/ppmhp.hr\\\/web\\\/wp-content\\\/uploads\\\/2022\\\/02\\\/guver-istaknuta-1080.jpg\",\"width\":1920,\"height\":1080},{\"@type\":\"BreadcrumbList\",\"@id\":\"https:\\\/\\\/ppmhp.hr\\\/en\\\/dogadanja-u-srpnju-4\\\/#breadcrumb\",\"itemListElement\":[{\"@type\":\"ListItem\",\"position\":1,\"name\":\"Po\u010detna stranica\",\"item\":\"https:\\\/\\\/ppmhp.hr\\\/en\\\/\"},{\"@type\":\"ListItem\",\"position\":2,\"name\":\"Events in July\"}]},{\"@type\":\"WebSite\",\"@id\":\"https:\\\/\\\/ppmhp.hr\\\/en\\\/#website\",\"url\":\"https:\\\/\\\/ppmhp.hr\\\/en\\\/\",\"name\":\"Pomorski i povijesni muzej Hrvatskog primorja\",\"description\":\"Guvernerova Pala\u010da \\\/ Memorijalni centar Lipa pamti \\\/ Muzejska zbirka Kastav\u0161tine\",\"potentialAction\":[{\"@type\":\"SearchAction\",\"target\":{\"@type\":\"EntryPoint\",\"urlTemplate\":\"https:\\\/\\\/ppmhp.hr\\\/en\\\/?s={search_term_string}\"},\"query-input\":{\"@type\":\"PropertyValueSpecification\",\"valueRequired\":true,\"valueName\":\"search_term_string\"}}],\"inLanguage\":\"en-US\"},{\"@type\":\"Person\",\"@id\":\"https:\\\/\\\/ppmhp.hr\\\/en\\\/#\\\/schema\\\/person\\\/1cb9aa0dc41966f75ec24e248ae949bd\",\"name\":\"tiho\",\"image\":{\"@type\":\"ImageObject\",\"inLanguage\":\"en-US\",\"@id\":\"https:\\\/\\\/secure.gravatar.com\\\/avatar\\\/0602550aa16592bef1fdd0f6c245025039c29b453d92fe631b91bfd53e9361c2?s=96&d=mm&r=g\",\"url\":\"https:\\\/\\\/secure.gravatar.com\\\/avatar\\\/0602550aa16592bef1fdd0f6c245025039c29b453d92fe631b91bfd53e9361c2?s=96&d=mm&r=g\",\"contentUrl\":\"https:\\\/\\\/secure.gravatar.com\\\/avatar\\\/0602550aa16592bef1fdd0f6c245025039c29b453d92fe631b91bfd53e9361c2?s=96&d=mm&r=g\",\"caption\":\"tiho\"}}]}<\/script>\n<!-- \/ Yoast SEO plugin. -->","yoast_head_json":{"title":"Events in July - Pomorski i povijesni muzej Hrvatskog primorja","robots":{"index":"index","follow":"follow","max-snippet":"max-snippet:-1","max-image-preview":"max-image-preview:large","max-video-preview":"max-video-preview:-1"},"canonical":"https:\/\/ppmhp.hr\/en\/dogadanja-u-srpnju-4\/","og_locale":"en_US","og_type":"article","og_title":"Events in July - Pomorski i povijesni muzej Hrvatskog primorja","og_description":"THE GOVERNOR&#8217;S PALACE Trg Riccarda Zanelle 1, Rijeka Hours: Mon: 9 a.m. \u2013 4 p.m., Tue-Sat: 9 a.m. \u2013 8 p.m., Sun: 9 a.m. \u2013 1 p.m. Closed on holidays. EXHIBITION REMEMBER ME organizers: Croatian Restoration Institute, Maritime and History Museum of the Croatian Littoral Rijeka exhibition conceived by: Andrej Jane\u0161, Ph.D. (CRI) and Jasna [&hellip;]","og_url":"https:\/\/ppmhp.hr\/en\/dogadanja-u-srpnju-4\/","og_site_name":"Pomorski i povijesni muzej Hrvatskog primorja","article_published_time":"2023-06-30T12:13:00+00:00","article_modified_time":"2023-08-10T07:12:27+00:00","og_image":[{"width":1920,"height":1080,"url":"https:\/\/ppmhp.hr\/web\/wp-content\/uploads\/2022\/02\/guver-istaknuta-1080.jpg","type":"image\/jpeg"}],"author":"tiho","twitter_card":"summary_large_image","twitter_misc":{"Written by":"tiho","Est. reading time":"5 minutes"},"schema":{"@context":"https:\/\/schema.org","@graph":[{"@type":"Article","@id":"https:\/\/ppmhp.hr\/en\/dogadanja-u-srpnju-4\/#article","isPartOf":{"@id":"https:\/\/ppmhp.hr\/en\/dogadanja-u-srpnju-4\/"},"author":{"name":"tiho","@id":"https:\/\/ppmhp.hr\/en\/#\/schema\/person\/1cb9aa0dc41966f75ec24e248ae949bd"},"headline":"Events in July","datePublished":"2023-06-30T12:13:00+00:00","dateModified":"2023-08-10T07:12:27+00:00","mainEntityOfPage":{"@id":"https:\/\/ppmhp.hr\/en\/dogadanja-u-srpnju-4\/"},"wordCount":810,"commentCount":0,"image":{"@id":"https:\/\/ppmhp.hr\/en\/dogadanja-u-srpnju-4\/#primaryimage"},"thumbnailUrl":"https:\/\/ppmhp.hr\/web\/wp-content\/uploads\/2022\/02\/guver-istaknuta-1080.jpg","articleSection":["Events","Events Kastav","Events Lipa","Events Palace","Featured"],"inLanguage":"en-US","potentialAction":[{"@type":"CommentAction","name":"Comment","target":["https:\/\/ppmhp.hr\/en\/dogadanja-u-srpnju-4\/#respond"]}]},{"@type":"WebPage","@id":"https:\/\/ppmhp.hr\/en\/dogadanja-u-srpnju-4\/","url":"https:\/\/ppmhp.hr\/en\/dogadanja-u-srpnju-4\/","name":"Events in July - Pomorski i povijesni muzej Hrvatskog primorja","isPartOf":{"@id":"https:\/\/ppmhp.hr\/en\/#website"},"primaryImageOfPage":{"@id":"https:\/\/ppmhp.hr\/en\/dogadanja-u-srpnju-4\/#primaryimage"},"image":{"@id":"https:\/\/ppmhp.hr\/en\/dogadanja-u-srpnju-4\/#primaryimage"},"thumbnailUrl":"https:\/\/ppmhp.hr\/web\/wp-content\/uploads\/2022\/02\/guver-istaknuta-1080.jpg","datePublished":"2023-06-30T12:13:00+00:00","dateModified":"2023-08-10T07:12:27+00:00","author":{"@id":"https:\/\/ppmhp.hr\/en\/#\/schema\/person\/1cb9aa0dc41966f75ec24e248ae949bd"},"breadcrumb":{"@id":"https:\/\/ppmhp.hr\/en\/dogadanja-u-srpnju-4\/#breadcrumb"},"inLanguage":"en-US","potentialAction":[{"@type":"ReadAction","target":["https:\/\/ppmhp.hr\/en\/dogadanja-u-srpnju-4\/"]}]},{"@type":"ImageObject","inLanguage":"en-US","@id":"https:\/\/ppmhp.hr\/en\/dogadanja-u-srpnju-4\/#primaryimage","url":"https:\/\/ppmhp.hr\/web\/wp-content\/uploads\/2022\/02\/guver-istaknuta-1080.jpg","contentUrl":"https:\/\/ppmhp.hr\/web\/wp-content\/uploads\/2022\/02\/guver-istaknuta-1080.jpg","width":1920,"height":1080},{"@type":"BreadcrumbList","@id":"https:\/\/ppmhp.hr\/en\/dogadanja-u-srpnju-4\/#breadcrumb","itemListElement":[{"@type":"ListItem","position":1,"name":"Po\u010detna stranica","item":"https:\/\/ppmhp.hr\/en\/"},{"@type":"ListItem","position":2,"name":"Events in July"}]},{"@type":"WebSite","@id":"https:\/\/ppmhp.hr\/en\/#website","url":"https:\/\/ppmhp.hr\/en\/","name":"Pomorski i povijesni muzej Hrvatskog primorja","description":"Guvernerova Pala\u010da \/ Memorijalni centar Lipa pamti \/ Muzejska zbirka Kastav\u0161tine","potentialAction":[{"@type":"SearchAction","target":{"@type":"EntryPoint","urlTemplate":"https:\/\/ppmhp.hr\/en\/?s={search_term_string}"},"query-input":{"@type":"PropertyValueSpecification","valueRequired":true,"valueName":"search_term_string"}}],"inLanguage":"en-US"},{"@type":"Person","@id":"https:\/\/ppmhp.hr\/en\/#\/schema\/person\/1cb9aa0dc41966f75ec24e248ae949bd","name":"tiho","image":{"@type":"ImageObject","inLanguage":"en-US","@id":"https:\/\/secure.gravatar.com\/avatar\/0602550aa16592bef1fdd0f6c245025039c29b453d92fe631b91bfd53e9361c2?s=96&d=mm&r=g","url":"https:\/\/secure.gravatar.com\/avatar\/0602550aa16592bef1fdd0f6c245025039c29b453d92fe631b91bfd53e9361c2?s=96&d=mm&r=g","contentUrl":"https:\/\/secure.gravatar.com\/avatar\/0602550aa16592bef1fdd0f6c245025039c29b453d92fe631b91bfd53e9361c2?s=96&d=mm&r=g","caption":"tiho"}}]}},"_links":{"self":[{"href":"https:\/\/ppmhp.hr\/en\/wp-json\/wp\/v2\/posts\/246602","targetHints":{"allow":["GET"]}}],"collection":[{"href":"https:\/\/ppmhp.hr\/en\/wp-json\/wp\/v2\/posts"}],"about":[{"href":"https:\/\/ppmhp.hr\/en\/wp-json\/wp\/v2\/types\/post"}],"author":[{"embeddable":true,"href":"https:\/\/ppmhp.hr\/en\/wp-json\/wp\/v2\/users\/11"}],"replies":[{"embeddable":true,"href":"https:\/\/ppmhp.hr\/en\/wp-json\/wp\/v2\/comments?post=246602"}],"version-history":[{"count":0,"href":"https:\/\/ppmhp.hr\/en\/wp-json\/wp\/v2\/posts\/246602\/revisions"}],"wp:featuredmedia":[{"embeddable":true,"href":"https:\/\/ppmhp.hr\/en\/wp-json\/wp\/v2\/media\/245677"}],"wp:attachment":[{"href":"https:\/\/ppmhp.hr\/en\/wp-json\/wp\/v2\/media?parent=246602"}],"wp:term":[{"taxonomy":"category","embeddable":true,"href":"https:\/\/ppmhp.hr\/en\/wp-json\/wp\/v2\/categories?post=246602"},{"taxonomy":"post_tag","embeddable":true,"href":"https:\/\/ppmhp.hr\/en\/wp-json\/wp\/v2\/tags?post=246602"}],"curies":[{"name":"wp","href":"https:\/\/api.w.org\/{rel}","templated":true}]}}