{"id":13845,"date":"2017-01-23T09:26:56","date_gmt":"2017-01-23T09:26:56","guid":{"rendered":"https:\/\/ppmhp.hr\/web\/noc-muzeja-2017-vreme-j-da-vec-zakantamo\/"},"modified":"2017-01-23T09:26:56","modified_gmt":"2017-01-23T09:26:56","slug":"noc-muzeja-2017-vreme-j-da-vec-zakantamo","status":"publish","type":"post","link":"https:\/\/ppmhp.hr\/en\/noc-muzeja-2017-vreme-j-da-vec-zakantamo\/","title":{"rendered":"No\u0107 muzeja 2017. &#8211; Vreme j&#8217; da ve\u0107 zakantamo!"},"content":{"rendered":"<h1 style=\"text-align: justify\"><a href=\"https:\/\/ppmhp.hr\/web\/wp-content\/uploads\/2017\/01\/noc-muzeja_586b97c3dc056.jpg\"><img decoding=\"async\" class=\"alignnone size-full wp-image-670 lazyload\" data-src=\"https:\/\/ppmhp.hr\/web\/wp-content\/uploads\/2017\/01\/noc-muzeja_586b97c3dc056.jpg\" alt=\"\" width=\"2600\" height=\"813\" src=\"data:image\/svg+xml;base64,PHN2ZyB3aWR0aD0iMSIgaGVpZ2h0PSIxIiB4bWxucz0iaHR0cDovL3d3dy53My5vcmcvMjAwMC9zdmciPjwvc3ZnPg==\" style=\"--smush-placeholder-width: 2600px; --smush-placeholder-aspect-ratio: 2600\/813;\"><\/a><\/h1>\n<h1 style=\"text-align: justify\">No\u0107 muzeja 2017.<\/h1>\n<p style=\"text-align: justify\">U petak, 27. sije\u010dnja, s po\u010detkom u 18.00 sati Memorijalni centar Lipa pamti ugostiti \u0107e 12. po redu No\u0107 muzeja &#8211; manifestaciju koja ve\u0107 tradicionalno povezuje gotovo sve nacionalne muzeje, a ove godine to \u010dini temom <em>Glazba i glazbeni velikani i njihov utjecaj na dru\u0161tvo.<\/em><\/p>\n<p style=\"text-align: justify\">Memorijalni centar Lipa pamti, iako posve\u0107en stradanju Lipe 30. travnja 1944., u osnovi djeluje kao zavi\u010dajni muzej Liburnijskog Krasa s fokusom interesa na sve ba\u0161tinske teme Krasa kao i na tradicijske te suvremene aspekte \u017eivljena njegove zajednice. Ono \u0161to je zajedni\u010dko \u017eivotu nekada i danas upravo je glazba. Neovisno u kojem obliku dolazi, ona i dalje uveseljava na\u0161e \u017eivote. Franjo Mateti\u0107, prisje\u0107aju\u0107i se mjesta Zvone\u0107a u 1. polovici 20. stolje\u0107a, zapisao je sljede\u0107e: <em>\u017divot je bil jako te\u017eak pak su ljudi gljedali tu velu muku le\u010dit al baren malo ubla\u017eit z bugarenjen.<\/em> Iako se na\u010din \u017eivota u me\u0111uvremenu promijenio, glazba je i dalje prisutna kao odmor i zabava, kao nu\u017ena opreka radu te &#8220;lijek&#8221; za \u017eivotne neda\u0107e.<\/p>\n<h2 style=\"text-align: justify\">Tradicijska glazba Krasa<\/h2>\n<p style=\"text-align: justify\">Ovogodi\u0161nja No\u0107 muzeja biti \u0107e prilika za izlaganjem tradicijskih glazbala Krasa i Hrvatskog primorja (cindra, mih, vidalice, sopele\/tororo, dje\u010dje svirale) koja su se upotrebljavala sve do po\u010detka 20. stolje\u0107a. Uvo\u0111enjem i masovnim prihva\u0107anjem glazbala ugo\u0111enih u temperiranoj glazbi, tradicijska se glazbala po\u010dinju zapu\u0161tati i upotrebljavati u iznimnim prigodama, a zamjenjuju ih harmonika (batonarica i klavirka), bubanj, bajs, kasnije saksofon, truba i klarinet. Predstaviti \u0107emo i tradicionalno dvoglasno pjevanje, takozvano kantanje po starinski ili bugarenje koje je 2009. stavljeno na UNESCO-vu listu nematerijalne svjetske ba\u0161tine.<\/p>\n<p style=\"text-align: justify\">Kratkim dokumentarnim filmom Anostru svira\u010d Rado \/ Na\u0161 svira\u010d Rado prisjetiti \u0107emo se 65 godina glazbenog djelovanja Rade Dor\u010di\u0107a iz \u017dejana. Spomenuti film, autora Roberta Dori\u010di\u0107a, snimljen je u sklopu projekta \u201cO\u010duvanje vla\u0161kog i \u017eejanskog jezika&#8221; kojeg provode Udruga &#8220;\u017dejane&#8221; i Udruga &#8220;Tragovi&#8221;.<\/p>\n<p style=\"text-align: justify\">U glazbenom dijelu programu (od 18 do 19.30 sati) sudjelovati \u0107e Rado Dori\u010di\u0107 i \u017dejanski kntaduri, Niko Poles i djeca iz harmonika\u0161kog orkestra, Glazbeni sastav &#8220;Vatreni de\u010dki&#8221; iz \u0160apjana, te \u017denska klapa &#8220;Ro\u017eice&#8221; iz \u0160apjana.<\/p>\n<p style=\"text-align: justify\">Vidimo se u Memorijalnom centru Lipa pamti jer <em>vreme j&#8217; da ve\u0107 zakantamo!<\/em><\/p>\n<p style=\"text-align: justify\"><a href=\"https:\/\/ppmhp.hr\/web\/wp-content\/uploads\/2017\/01\/Leva-40-te_smanjena.jpg\"><img decoding=\"async\" class=\"alignnone size-full wp-image-671 lazyload\" data-src=\"https:\/\/ppmhp.hr\/web\/wp-content\/uploads\/2017\/01\/Leva-40-te_smanjena.jpg\" alt=\"\" width=\"792\" height=\"496\" data-srcset=\"https:\/\/ppmhp.hr\/web\/wp-content\/uploads\/2017\/01\/Leva-40-te_smanjena.jpg 792w, https:\/\/ppmhp.hr\/web\/wp-content\/uploads\/2017\/01\/Leva-40-te_smanjena-480x301.jpg 480w\" data-sizes=\"(min-width: 0px) and (max-width: 480px) 480px, (min-width: 481px) 792px, 100vw\" src=\"data:image\/svg+xml;base64,PHN2ZyB3aWR0aD0iMSIgaGVpZ2h0PSIxIiB4bWxucz0iaHR0cDovL3d3dy53My5vcmcvMjAwMC9zdmciPjwvc3ZnPg==\" style=\"--smush-placeholder-width: 792px; --smush-placeholder-aspect-ratio: 792\/496;\" \/><\/a><\/p>\n<p style=\"text-align: justify\"><em>Proslava leve 40-ih godina 20. stolje\u0107a na kojoj su svirali &#8220;Lapi\u0107i&#8221;, poznati glazbeni sastav iz Lipe.<\/em><\/p>\n","protected":false},"excerpt":{"rendered":"<p>No\u0107 muzeja 2017. U petak, 27. sije\u010dnja, s po\u010detkom u 18.00 sati Memorijalni centar Lipa pamti ugostiti \u0107e 12. po redu No\u0107 muzeja &#8211; manifestaciju koja ve\u0107 tradicionalno povezuje gotovo sve nacionalne muzeje, a ove godine to \u010dini temom Glazba i glazbeni velikani i njihov utjecaj na dru\u0161tvo. Memorijalni centar Lipa pamti, iako posve\u0107en stradanju [&hellip;]<\/p>\n","protected":false},"author":9,"featured_media":10613,"comment_status":"closed","ping_status":"closed","sticky":false,"template":"","format":"standard","meta":{"_acf_changed":false,"_et_pb_use_builder":"","_et_pb_old_content":"","_et_gb_content_width":"","inline_featured_image":false,"footnotes":""},"categories":[],"tags":[],"class_list":["post-13845","post","type-post","status-publish","format-standard","has-post-thumbnail","hentry"],"acf":[],"yoast_head":"<!-- This site is optimized with the Yoast SEO plugin v27.3 - https:\/\/yoast.com\/product\/yoast-seo-wordpress\/ -->\n<title>No\u0107 muzeja 2017. - Vreme j&#039; da ve\u0107 zakantamo! - Pomorski i povijesni muzej Hrvatskog primorja<\/title>\n<meta name=\"robots\" content=\"index, follow, max-snippet:-1, max-image-preview:large, max-video-preview:-1\" \/>\n<link rel=\"canonical\" href=\"https:\/\/ppmhp.hr\/en\/noc-muzeja-2017-vreme-j-da-vec-zakantamo\/\" \/>\n<meta property=\"og:locale\" content=\"en_US\" \/>\n<meta property=\"og:type\" content=\"article\" \/>\n<meta property=\"og:title\" content=\"No\u0107 muzeja 2017. - Vreme j&#039; da ve\u0107 zakantamo! - Pomorski i povijesni muzej Hrvatskog primorja\" \/>\n<meta property=\"og:description\" content=\"No\u0107 muzeja 2017. U petak, 27. sije\u010dnja, s po\u010detkom u 18.00 sati Memorijalni centar Lipa pamti ugostiti \u0107e 12. po redu No\u0107 muzeja &#8211; manifestaciju koja ve\u0107 tradicionalno povezuje gotovo sve nacionalne muzeje, a ove godine to \u010dini temom Glazba i glazbeni velikani i njihov utjecaj na dru\u0161tvo. Memorijalni centar Lipa pamti, iako posve\u0107en stradanju [&hellip;]\" \/>\n<meta property=\"og:url\" content=\"https:\/\/ppmhp.hr\/en\/noc-muzeja-2017-vreme-j-da-vec-zakantamo\/\" \/>\n<meta property=\"og:site_name\" content=\"Pomorski i povijesni muzej Hrvatskog primorja\" \/>\n<meta property=\"article:published_time\" content=\"2017-01-23T09:26:56+00:00\" \/>\n<meta property=\"og:image\" content=\"https:\/\/ppmhp.hr\/web\/wp-content\/uploads\/2017\/01\/noc-muzeja_586b97c3dc056.jpg\" \/>\n<meta name=\"author\" content=\"lipapamti\" \/>\n<meta name=\"twitter:card\" content=\"summary_large_image\" \/>\n<meta name=\"twitter:label1\" content=\"Written by\" \/>\n\t<meta name=\"twitter:data1\" content=\"lipapamti\" \/>\n\t<meta name=\"twitter:label2\" content=\"Est. reading time\" \/>\n\t<meta name=\"twitter:data2\" content=\"2 minutes\" \/>\n<script type=\"application\/ld+json\" class=\"yoast-schema-graph\">{\"@context\":\"https:\\\/\\\/schema.org\",\"@graph\":[{\"@type\":\"Article\",\"@id\":\"https:\\\/\\\/ppmhp.hr\\\/en\\\/noc-muzeja-2017-vreme-j-da-vec-zakantamo\\\/#article\",\"isPartOf\":{\"@id\":\"https:\\\/\\\/ppmhp.hr\\\/en\\\/noc-muzeja-2017-vreme-j-da-vec-zakantamo\\\/\"},\"author\":{\"name\":\"lipapamti\",\"@id\":\"https:\\\/\\\/ppmhp.hr\\\/en\\\/#\\\/schema\\\/person\\\/be11b0648b905b81ae0e771defbcbc6d\"},\"headline\":\"No\u0107 muzeja 2017. &#8211; Vreme j&#8217; da ve\u0107 zakantamo!\",\"datePublished\":\"2017-01-23T09:26:56+00:00\",\"mainEntityOfPage\":{\"@id\":\"https:\\\/\\\/ppmhp.hr\\\/en\\\/noc-muzeja-2017-vreme-j-da-vec-zakantamo\\\/\"},\"wordCount\":395,\"image\":{\"@id\":\"https:\\\/\\\/ppmhp.hr\\\/en\\\/noc-muzeja-2017-vreme-j-da-vec-zakantamo\\\/#primaryimage\"},\"thumbnailUrl\":\"https:\\\/\\\/ppmhp.hr\\\/web\\\/wp-content\\\/uploads\\\/2021\\\/12\\\/ppmhp_rijeka_big.jpg\",\"inLanguage\":\"en-US\"},{\"@type\":\"WebPage\",\"@id\":\"https:\\\/\\\/ppmhp.hr\\\/en\\\/noc-muzeja-2017-vreme-j-da-vec-zakantamo\\\/\",\"url\":\"https:\\\/\\\/ppmhp.hr\\\/en\\\/noc-muzeja-2017-vreme-j-da-vec-zakantamo\\\/\",\"name\":\"No\u0107 muzeja 2017. - Vreme j' da ve\u0107 zakantamo! - Pomorski i povijesni muzej Hrvatskog primorja\",\"isPartOf\":{\"@id\":\"https:\\\/\\\/ppmhp.hr\\\/en\\\/#website\"},\"primaryImageOfPage\":{\"@id\":\"https:\\\/\\\/ppmhp.hr\\\/en\\\/noc-muzeja-2017-vreme-j-da-vec-zakantamo\\\/#primaryimage\"},\"image\":{\"@id\":\"https:\\\/\\\/ppmhp.hr\\\/en\\\/noc-muzeja-2017-vreme-j-da-vec-zakantamo\\\/#primaryimage\"},\"thumbnailUrl\":\"https:\\\/\\\/ppmhp.hr\\\/web\\\/wp-content\\\/uploads\\\/2021\\\/12\\\/ppmhp_rijeka_big.jpg\",\"datePublished\":\"2017-01-23T09:26:56+00:00\",\"author\":{\"@id\":\"https:\\\/\\\/ppmhp.hr\\\/en\\\/#\\\/schema\\\/person\\\/be11b0648b905b81ae0e771defbcbc6d\"},\"breadcrumb\":{\"@id\":\"https:\\\/\\\/ppmhp.hr\\\/en\\\/noc-muzeja-2017-vreme-j-da-vec-zakantamo\\\/#breadcrumb\"},\"inLanguage\":\"en-US\",\"potentialAction\":[{\"@type\":\"ReadAction\",\"target\":[\"https:\\\/\\\/ppmhp.hr\\\/en\\\/noc-muzeja-2017-vreme-j-da-vec-zakantamo\\\/\"]}]},{\"@type\":\"ImageObject\",\"inLanguage\":\"en-US\",\"@id\":\"https:\\\/\\\/ppmhp.hr\\\/en\\\/noc-muzeja-2017-vreme-j-da-vec-zakantamo\\\/#primaryimage\",\"url\":\"https:\\\/\\\/ppmhp.hr\\\/web\\\/wp-content\\\/uploads\\\/2021\\\/12\\\/ppmhp_rijeka_big.jpg\",\"contentUrl\":\"https:\\\/\\\/ppmhp.hr\\\/web\\\/wp-content\\\/uploads\\\/2021\\\/12\\\/ppmhp_rijeka_big.jpg\",\"width\":2000,\"height\":1231},{\"@type\":\"BreadcrumbList\",\"@id\":\"https:\\\/\\\/ppmhp.hr\\\/en\\\/noc-muzeja-2017-vreme-j-da-vec-zakantamo\\\/#breadcrumb\",\"itemListElement\":[{\"@type\":\"ListItem\",\"position\":1,\"name\":\"Po\u010detna stranica\",\"item\":\"https:\\\/\\\/ppmhp.hr\\\/en\\\/\"},{\"@type\":\"ListItem\",\"position\":2,\"name\":\"No\u0107 muzeja 2017. &#8211; Vreme j&#8217; da ve\u0107 zakantamo!\"}]},{\"@type\":\"WebSite\",\"@id\":\"https:\\\/\\\/ppmhp.hr\\\/en\\\/#website\",\"url\":\"https:\\\/\\\/ppmhp.hr\\\/en\\\/\",\"name\":\"Pomorski i povijesni muzej Hrvatskog primorja\",\"description\":\"Guvernerova Pala\u010da \\\/ Memorijalni centar Lipa pamti \\\/ Muzejska zbirka Kastav\u0161tine\",\"potentialAction\":[{\"@type\":\"SearchAction\",\"target\":{\"@type\":\"EntryPoint\",\"urlTemplate\":\"https:\\\/\\\/ppmhp.hr\\\/en\\\/?s={search_term_string}\"},\"query-input\":{\"@type\":\"PropertyValueSpecification\",\"valueRequired\":true,\"valueName\":\"search_term_string\"}}],\"inLanguage\":\"en-US\"},{\"@type\":\"Person\",\"@id\":\"https:\\\/\\\/ppmhp.hr\\\/en\\\/#\\\/schema\\\/person\\\/be11b0648b905b81ae0e771defbcbc6d\",\"name\":\"lipapamti\",\"image\":{\"@type\":\"ImageObject\",\"inLanguage\":\"en-US\",\"@id\":\"https:\\\/\\\/secure.gravatar.com\\\/avatar\\\/?s=96&d=mm&r=g\",\"url\":\"https:\\\/\\\/secure.gravatar.com\\\/avatar\\\/?s=96&d=mm&r=g\",\"contentUrl\":\"https:\\\/\\\/secure.gravatar.com\\\/avatar\\\/?s=96&d=mm&r=g\",\"caption\":\"lipapamti\"}}]}<\/script>\n<!-- \/ Yoast SEO plugin. -->","yoast_head_json":{"title":"No\u0107 muzeja 2017. - Vreme j' da ve\u0107 zakantamo! - Pomorski i povijesni muzej Hrvatskog primorja","robots":{"index":"index","follow":"follow","max-snippet":"max-snippet:-1","max-image-preview":"max-image-preview:large","max-video-preview":"max-video-preview:-1"},"canonical":"https:\/\/ppmhp.hr\/en\/noc-muzeja-2017-vreme-j-da-vec-zakantamo\/","og_locale":"en_US","og_type":"article","og_title":"No\u0107 muzeja 2017. - Vreme j' da ve\u0107 zakantamo! - Pomorski i povijesni muzej Hrvatskog primorja","og_description":"No\u0107 muzeja 2017. U petak, 27. sije\u010dnja, s po\u010detkom u 18.00 sati Memorijalni centar Lipa pamti ugostiti \u0107e 12. po redu No\u0107 muzeja &#8211; manifestaciju koja ve\u0107 tradicionalno povezuje gotovo sve nacionalne muzeje, a ove godine to \u010dini temom Glazba i glazbeni velikani i njihov utjecaj na dru\u0161tvo. Memorijalni centar Lipa pamti, iako posve\u0107en stradanju [&hellip;]","og_url":"https:\/\/ppmhp.hr\/en\/noc-muzeja-2017-vreme-j-da-vec-zakantamo\/","og_site_name":"Pomorski i povijesni muzej Hrvatskog primorja","article_published_time":"2017-01-23T09:26:56+00:00","og_image":[{"url":"https:\/\/ppmhp.hr\/web\/wp-content\/uploads\/2017\/01\/noc-muzeja_586b97c3dc056.jpg","type":"","width":"","height":""}],"author":"lipapamti","twitter_card":"summary_large_image","twitter_misc":{"Written by":"lipapamti","Est. reading time":"2 minutes"},"schema":{"@context":"https:\/\/schema.org","@graph":[{"@type":"Article","@id":"https:\/\/ppmhp.hr\/en\/noc-muzeja-2017-vreme-j-da-vec-zakantamo\/#article","isPartOf":{"@id":"https:\/\/ppmhp.hr\/en\/noc-muzeja-2017-vreme-j-da-vec-zakantamo\/"},"author":{"name":"lipapamti","@id":"https:\/\/ppmhp.hr\/en\/#\/schema\/person\/be11b0648b905b81ae0e771defbcbc6d"},"headline":"No\u0107 muzeja 2017. &#8211; Vreme j&#8217; da ve\u0107 zakantamo!","datePublished":"2017-01-23T09:26:56+00:00","mainEntityOfPage":{"@id":"https:\/\/ppmhp.hr\/en\/noc-muzeja-2017-vreme-j-da-vec-zakantamo\/"},"wordCount":395,"image":{"@id":"https:\/\/ppmhp.hr\/en\/noc-muzeja-2017-vreme-j-da-vec-zakantamo\/#primaryimage"},"thumbnailUrl":"https:\/\/ppmhp.hr\/web\/wp-content\/uploads\/2021\/12\/ppmhp_rijeka_big.jpg","inLanguage":"en-US"},{"@type":"WebPage","@id":"https:\/\/ppmhp.hr\/en\/noc-muzeja-2017-vreme-j-da-vec-zakantamo\/","url":"https:\/\/ppmhp.hr\/en\/noc-muzeja-2017-vreme-j-da-vec-zakantamo\/","name":"No\u0107 muzeja 2017. - Vreme j' da ve\u0107 zakantamo! - Pomorski i povijesni muzej Hrvatskog primorja","isPartOf":{"@id":"https:\/\/ppmhp.hr\/en\/#website"},"primaryImageOfPage":{"@id":"https:\/\/ppmhp.hr\/en\/noc-muzeja-2017-vreme-j-da-vec-zakantamo\/#primaryimage"},"image":{"@id":"https:\/\/ppmhp.hr\/en\/noc-muzeja-2017-vreme-j-da-vec-zakantamo\/#primaryimage"},"thumbnailUrl":"https:\/\/ppmhp.hr\/web\/wp-content\/uploads\/2021\/12\/ppmhp_rijeka_big.jpg","datePublished":"2017-01-23T09:26:56+00:00","author":{"@id":"https:\/\/ppmhp.hr\/en\/#\/schema\/person\/be11b0648b905b81ae0e771defbcbc6d"},"breadcrumb":{"@id":"https:\/\/ppmhp.hr\/en\/noc-muzeja-2017-vreme-j-da-vec-zakantamo\/#breadcrumb"},"inLanguage":"en-US","potentialAction":[{"@type":"ReadAction","target":["https:\/\/ppmhp.hr\/en\/noc-muzeja-2017-vreme-j-da-vec-zakantamo\/"]}]},{"@type":"ImageObject","inLanguage":"en-US","@id":"https:\/\/ppmhp.hr\/en\/noc-muzeja-2017-vreme-j-da-vec-zakantamo\/#primaryimage","url":"https:\/\/ppmhp.hr\/web\/wp-content\/uploads\/2021\/12\/ppmhp_rijeka_big.jpg","contentUrl":"https:\/\/ppmhp.hr\/web\/wp-content\/uploads\/2021\/12\/ppmhp_rijeka_big.jpg","width":2000,"height":1231},{"@type":"BreadcrumbList","@id":"https:\/\/ppmhp.hr\/en\/noc-muzeja-2017-vreme-j-da-vec-zakantamo\/#breadcrumb","itemListElement":[{"@type":"ListItem","position":1,"name":"Po\u010detna stranica","item":"https:\/\/ppmhp.hr\/en\/"},{"@type":"ListItem","position":2,"name":"No\u0107 muzeja 2017. &#8211; Vreme j&#8217; da ve\u0107 zakantamo!"}]},{"@type":"WebSite","@id":"https:\/\/ppmhp.hr\/en\/#website","url":"https:\/\/ppmhp.hr\/en\/","name":"Pomorski i povijesni muzej Hrvatskog primorja","description":"Guvernerova Pala\u010da \/ Memorijalni centar Lipa pamti \/ Muzejska zbirka Kastav\u0161tine","potentialAction":[{"@type":"SearchAction","target":{"@type":"EntryPoint","urlTemplate":"https:\/\/ppmhp.hr\/en\/?s={search_term_string}"},"query-input":{"@type":"PropertyValueSpecification","valueRequired":true,"valueName":"search_term_string"}}],"inLanguage":"en-US"},{"@type":"Person","@id":"https:\/\/ppmhp.hr\/en\/#\/schema\/person\/be11b0648b905b81ae0e771defbcbc6d","name":"lipapamti","image":{"@type":"ImageObject","inLanguage":"en-US","@id":"https:\/\/secure.gravatar.com\/avatar\/?s=96&d=mm&r=g","url":"https:\/\/secure.gravatar.com\/avatar\/?s=96&d=mm&r=g","contentUrl":"https:\/\/secure.gravatar.com\/avatar\/?s=96&d=mm&r=g","caption":"lipapamti"}}]}},"_links":{"self":[{"href":"https:\/\/ppmhp.hr\/en\/wp-json\/wp\/v2\/posts\/13845","targetHints":{"allow":["GET"]}}],"collection":[{"href":"https:\/\/ppmhp.hr\/en\/wp-json\/wp\/v2\/posts"}],"about":[{"href":"https:\/\/ppmhp.hr\/en\/wp-json\/wp\/v2\/types\/post"}],"author":[{"embeddable":true,"href":"https:\/\/ppmhp.hr\/en\/wp-json\/wp\/v2\/users\/9"}],"replies":[{"embeddable":true,"href":"https:\/\/ppmhp.hr\/en\/wp-json\/wp\/v2\/comments?post=13845"}],"version-history":[{"count":0,"href":"https:\/\/ppmhp.hr\/en\/wp-json\/wp\/v2\/posts\/13845\/revisions"}],"wp:featuredmedia":[{"embeddable":true,"href":"https:\/\/ppmhp.hr\/en\/wp-json\/wp\/v2\/media\/10613"}],"wp:attachment":[{"href":"https:\/\/ppmhp.hr\/en\/wp-json\/wp\/v2\/media?parent=13845"}],"wp:term":[{"taxonomy":"category","embeddable":true,"href":"https:\/\/ppmhp.hr\/en\/wp-json\/wp\/v2\/categories?post=13845"},{"taxonomy":"post_tag","embeddable":true,"href":"https:\/\/ppmhp.hr\/en\/wp-json\/wp\/v2\/tags?post=13845"}],"curies":[{"name":"wp","href":"https:\/\/api.w.org\/{rel}","templated":true}]}}