{"id":11947,"date":"2020-09-01T14:12:25","date_gmt":"2020-09-01T12:12:25","guid":{"rendered":"https:\/\/ppmhp.hr\/web\/2020\/09\/01\/events-in-september-3\/"},"modified":"2020-09-01T14:12:25","modified_gmt":"2020-09-01T12:12:25","slug":"events-in-september-3","status":"publish","type":"post","link":"https:\/\/ppmhp.hr\/en\/events-in-september-3\/","title":{"rendered":"Events in September"},"content":{"rendered":"<p>The Maritime and History Museum of the Croatian Littoral Rijeka, with the consent of Primorje-Gorski Kotar County, made the Decision on Temporary Organization of Operations of the Maritime and History Museum of the Croatian Littoral Rijeka in compliance with the prevailing measures pursuant to the declaration of the COVID-19 epidemic which became effective on 15 June 2020.<br \/>\n<strong>THE GOVERNOR&#8217;S PALACE<\/strong><br \/>\nTrg Riccarda Zanelle 1, Rijeka<br \/>\nHours: Mon: 9 a.m. \u2013 4 p.m., Tue-Sat: 9 a.m. \u2013 8 p.m., Sun: 9 a.m. \u2013 1 p.m.<br \/>\n<a href=\"http:\/\/ppmhp.hr\/\">http:\/\/ppmhp.hr\/<\/a><br \/>\nOnly about fifteen visitors are allowed in the Museum at the same time.<br \/>\nEXHIBITION<br \/>\n<strong>THE FIRST FIVE PIECES OF THE FIRST CIVIC MUSEUM COLLECTION IN CROATIA<\/strong><br \/>\norganizer: Maritime and History Museum of the Croatian Littoral Rijeka<br \/>\nexhibition conceived by: members of the first session of the Civic Museum Council<br \/>\n<strong>exhibition opening: 4 September 2020<\/strong><br \/>\n<strong>the exhibition will remain open until 5 October 2020<\/strong><br \/>\n<strong>The time and manner of the exhibition\u2019s opening will be announced in due time and will comply with the epidemiological measures effective on the opening date.<\/strong><br \/>\nWith the exhibition \u201cThe First Five Pieces of the First Civic Museum Collection in Croatia,\u201d the Maritime and History Museum of the Croatian Littoral Rijeka is presenting the acquisitions of the newly-formed Civic Museum Collection that became a part of the Museum\u2019s inventory based on suggestions and selections made by citizens.<br \/>\nBy establishing the Civic Museum Council (CMC) in January 2019, the Maritime and History Museum of the Croatian Littoral Rijeka became the first in Croatia to implement the practice of participatory museum management. Establishment of the CMC marked the beginning of democratization and spurred the process of adaptation to community needs, so that even the collection of materials began to be approached differently. By posing the question \u201cHow do you want our future generations to remember us?\u201d the Museum decided to share responsibility for selecting the heritage worth protecting in museums with the public.<br \/>\nThe items which citizens were called upon to propose comply with UNESCO and ICOM recommendations on the need for protection of the tangible and intangible heritage in museums. We asked our fellow citizens to document some segment of the intangible heritage \u2013 either by photograph or video\/audio recording \u2013 in their own environments: a custom, skill, song, dance, ritual, phenomenon, belief, knowledge or memory. Citizens thus became actively involved in the transformation of omnipresent spiritual creativity into new museum pieces preserved for the future.<br \/>\nBy means of digital platforms, citizens have proposed a total of 11 items to the Museum that have been endorsed by a total of 166 votes. The five nominations with the most votes were selected.<br \/>\nThe Museum will repeat this Public Invitation every year, and continue to create the new Civic Museum Collection in Croatia together with the public.<br \/>\nThis programme is being implemented within the framework of the European Social Fund project \u201cMuseum of the Future \u2013 the Civic Museum Council as the Model for Participatory Management\u201d (UP.04.2.1.04.0182) in cooperation with five partners: the \u017dmergo Association, the Kombinat Creative Collective, the Centre for Talented Children, the Primorje-Gorski Kotar County Association <strong>of the Blind and the City of Rijeka Retiree Association.<\/strong><br \/>\n<strong>WORKSHOPS<\/strong><br \/>\nAs part of the project \u201cMuseum of the Future \u2013 the Civic Museum Council as the Model for Participatory Management\u201d, educational workshops on the work of institutions in the field of culture with various groups of potential users will be held in the Maritime and History Museum of the Croatian Littoral Rijeka during September and October.<br \/>\nThe workshop on \u201cSpecific Aspects of Work with Sensitive Groups in Cultural Institutions\u201d will be led by Emil Mandari\u0107 from the Primorje-Gorski Kotar County Association of the Blind, the workshop on \u201cTalent \u2013 How to Recognize, Support and Nurture It\u201d will be led by Jasna Borbelj from the Rijeka Centre for Talented Children, while the workshop on \u201cWork with Youth and Volunteers in Cultural Institutions\u201d will be led by psychologist Goran Mi\u0161\u0107eni\u0107 from the \u017dmergo Association.<br \/>\nThe workshops are being co-financed by the European Union through the European Social Fund.<br \/>\nThe time and manner for holding the workshops will be announced in due time and will comply with the epidemiological measures effective on the opening date.<br \/>\nEXHIBITION<br \/>\n<strong>VIOLINS BEYOND BORDERS\/STRADIVARI IN RIJEKA \u2013 KRESNIK AND CREMONA<\/strong><br \/>\norganizer: Maritime and History Museum of the Croatian Littoral Rijeka<br \/>\nco-organizers: Consulate General of the Republic of Italy in Croatia (Rijeka), Glazbeni Festival Kvarner d.o.o. (Opatija)<br \/>\npartner: Museo del Violino (Cremona, Italy)<br \/>\nexhibition conceived by: Tamara Mataija, Fausto Cacciatori, Tea Perin\u010di\u0107<br \/>\n<strong>the exhibition will remain open until February 2021<\/strong><br \/>\nPart of the preliminary programme for the exhibition \u201cBorders \u2013 Between Order and Chaos\u201d includes the observance of the 150th anniversary of the birth of Dr Franjo Kresnik (1869-1943), one of the greatest Cremonese lutherie experts of his time. Kresnik dedicated over 40 years to the study of bowed string instruments, particularly those made in the workshops of Antonio Stradivari and Giuseppe Guarneri del Ges\u00f9. In his honour, instruments made by these two great luthiers were exhibited in the Museum from the opening date until 8 March 2020, after which they were returned to Cremona. The exhibition remains open to visitors and is conceptually identical, while the display has been enriched with materials from the inventory of the Maritime and History Museum of the Croatian Littoral Rijeka.<br \/>\nA film was shot to accompany the exhibition \u201cViolins Beyond Borders\/Stradivari in Rijeka \u2013 Kresnik and Cremona,\u201d a joint presentation of the Maritime and History Museum of the Croatian Littoral Rijeka and the Museo del Violino. Antonio Stradivari, Guiseppe Guarneri del Ges\u00f9 and Franjo Kresnik have left behind instruments which are admired to this day, while generations have enjoyed the music that they make. This is why we are calling on everyone to enjoy the music and this film that recalls our great fellow citizen.<br \/>\nFILM<br \/>\n<strong>VIOLINS BEYOND BORDERS\/STRADIVARI IN RIJEKA \u2013 KRESNIK AND CREMONA<\/strong><br \/>\ncamera operators: Igor Pauli\u0107, Robert Kal\u010di\u0107<br \/>\ndirected and edited by: Helena Traub<br \/>\nproducer: \u017dmergo Association<br \/>\nLink: <a href=\"https:\/\/ppmhp.hr\/violinom-iznad-granica\/\">https:\/\/ppmhp.hr\/violinom-iznad-granica\/<\/a><br \/>\nMuseum\u2019s YouTube channel: <a href=\"https:\/\/www.youtube.com\/watch?v=NETD2NchLlA\">https:\/\/www.youtube.com\/watch?v=NETD2NchLlA<\/a><br \/>\nEXHIBITION<br \/>\n<strong>D\u2019ANNUNZIO\u2019S MARTYR \u2013 L\u2019OLOCAUSTA DI D\u2019ANNUNZIO<\/strong><br \/>\norganizer: Maritime and History Museum of the Croatian Littoral Rijeka<br \/>\nexhibition conceived by: Tea Perin\u010di\u0107 and Ana-Maria Mil\u010di\u0107<br \/>\nexhibition designed by: Sanjin Kuni\u0107 and Nikolina Radi\u0107 \u0160tivi\u0107<br \/>\n<strong>the exhibition will remain open until 31 January 2021<\/strong><br \/>\nThe exhibition is part of the European Capital of Culture 2020 programme The Age of Power, and it opened on 12 September 2019 to mark the one-hundredth anniversary of D\u2019Annunzio\u2019s occupation of Rijeka. The exhibition was set up as part of the permanent display on the first floor of the Maritime and History Museum of the Croatian Littoral Rijeka. The exhibition\u2019s creators decided to portray the sixteen months of the dictatorship established in Rijeka by Gabriele D\u2019Annunzio, the Italian poet, soldier and nationalist, through the prism of women \u2013 in both the figurative and literal senses, through a cross-section of specific historical events and testimony and by presenting several works by Italian futurists which reflect the spirit of this era.<br \/>\nTo accompany the exhibition in the Museum, we have also provided our visitors with the possibility of virtual guidance through it.<br \/>\nVIRTUAL GUIDE<br \/>\n<strong>D\u2019ANNUNZIO\u2019S MARTYR \u2013 L\u2019OLOCAUSTA DI D\u2019ANNUNZIO<\/strong><br \/>\nconceived by: Tea Perin\u010di\u0107<br \/>\nvideo recording by: Kristijan Raja\u010di\u0107<br \/>\nProduced by: Maritime and History Museum of the Croatian Littoral Rijeka<br \/>\nFacebook link: <a href=\"https:\/\/www.facebook.com\/ppmhp\/\">https:\/\/www.facebook.com\/ppmhp\/<\/a><br \/>\nMuseum\u2019s YouTube channel: <a href=\"https:\/\/www.youtube.com\/watch?v=Indxvfu9is\">https:\/\/www.youtube.com\/watch?v=Indxvfu9is<\/a><br \/>\n<strong>MIRACLE ROOM<\/strong><br \/>\nTrg Riccarda Zanelle 1<br \/>\ncudotvornica@ppmhp.hr<br \/>\n+385 553666, Andrea Samar\u017eija<br \/>\n<strong>MORNING IN THE MUSEUM<\/strong><br \/>\n<strong>AND THEY LIVED HAPPILY EVERY AFTER\u2026<\/strong><br \/>\ndesigned by: Andrea Samar\u017eija and Ivana \u0160ari\u0107 \u017dic<br \/>\n<strong>scheduled for: 26 September 2020 from 9 a.m. to 1 p.m.<\/strong><br \/>\nThe educational\/creative workshop \u201cAnd They Lived Happily Ever After\u2026\u201d is intended for children aged 4 to 12. It is tied to the observations of this year\u2019s Museum Educational Campaign on the theme of Love. At the workshop, museum pieces \u2013 children\u2019s art and stories inspired by imagination and creativity \u2013 will be imbued with new, enchanting life.<br \/>\nThe workshop is free of charge and will comply with the epidemiological measures effective at the time when it is held.<br \/>\nThe number of attendees is limited, so participation must be arranged in advance<br \/>\n<strong>BIRTHDAY IN THE MUSEUM<\/strong><br \/>\nEducational birthday workshops in the Maritime and History Museum of the Croatian Littoral Rijeka are aimed at children aged 4 to 12. The workshops are thematic, and the celebrants can choose from six available themes: \u2018Masquerade Ball,\u2019 \u2018The Trsat Dragon,\u2019 \u2018On-board Emergency,\u2019 \u2018Unusual Form,\u2019 \u2018Challenge Trail,\u2019 and \u2018Treasure Hunt.\u2019 The programs are held in the Museum\u2019s premises.<br \/>\nThe programme will be organized in compliance with epidemiological measures, and the number of participants will be limited.<br \/>\nMust be arranged in advance.<br \/>\nEXTRACURRICULAR FREE TIME<br \/>\n<strong>LITTLE MUSEUM ATELIER ART WORKSHOP<\/strong><br \/>\nthe workshop is aimed at children aged 5 to 11<br \/>\n<strong>held on: Tuesdays and Thursdays from 6 to 7:30 p.m.<\/strong><br \/>\napplications accepted throughout the school year<br \/>\nprice: HRK 100\/month<br \/>\nIn compliance with epidemiological measures, the number of participants will be limited to ten.<br \/>\n<strong>PERFORMERS FROM THE GOV ACTING WORKSHOP<\/strong><br \/>\nThe workshop is aimed at children aged 8 to 18<br \/>\nheld on: Wednesdays and Fridays from 5 to 7 p.m.<br \/>\napplications accepted throughout the school year<br \/>\nprice: HRK 100\/month<br \/>\nIn compliance with epidemiological measures, the number of participants will be limited to ten.<br \/>\n<strong>KASTAV REGIONAL MUSEUM COLLECTION<\/strong><br \/>\nProlaz Ivana iz Kastva 1, Kastav<br \/>\nopen: Tuesdays and Thursdays, 10 a.m. to 12 p.m., Wednesdays, Fridays, Saturdays and Sundays 5 p.m. to 9 p.m.<br \/>\n<a href=\"http:\/\/mzk.ppmhp.hr\/\">http:\/\/mzk.ppmhp.hr\/<\/a><br \/>\nThe number of visitors in the Kastav Regional Museum Collection is limited to two, or three if it is a group of people who are in constant contact.<br \/>\nEXHIBITION<br \/>\n<strong>BORDERS<\/strong><br \/>\nconceived by: Marko Badurina<br \/>\norganizer: Maritime and History Museum of the Croatian Littoral Rijeka<br \/>\n<strong>The exhibition will be held in the Kastav Regional Museum Collection until 1 November 2020<\/strong><br \/>\nThrough maps, items of everyday use and personal stories, the exhibition provides an overview of events in the Kastav region between the two World Wars, but also focuses on the problem of the border between the Kingdom of Italy and the Kingdom of Yugoslavia, the loss of territory and the lives of Kastav residents next to the border.<br \/>\nEXHIBITION<br \/>\n<strong>MONUMENTS TO MEMORY<\/strong><br \/>\nconceived by: Marko Badurina<br \/>\norganizer: Maritime and History Museum of the Croatian Littoral Rijeka<br \/>\n<strong>The exhibition will be held in the Kastav Regional Museum Collection until 1 November 2020<\/strong><br \/>\nThe exhibition consists of photographs, taken by Petar Fabijan, of monuments to the fallen in the Kastav region, raised to commemorate the People\u2019s Liberation Struggle and slain soldiers and civilians.<br \/>\n<strong>LIPA REMEMBERS MEMORIAL CENTRE<\/strong><br \/>\nLipa 35, \u0160apjane<br \/>\nHours: Tue.-Sat., 10 a.m.-5 p.m.<br \/>\n<a href=\"http:\/\/lipapamti.ppmhp.hr\/\">http:\/\/lipapamti.ppmhp.hr\/<\/a>,<br \/>\nThe number of visitors in the Lipa Remembers Memorial Centre is limited to three, or four if it is a group of people who are in constant contact.<br \/>\n<strong>MODERN DANCE PRESENTATION<\/strong><br \/>\n<strong>TODAY IS TOMORROW\u2019S YESTERDAY<\/strong><br \/>\nperformance by: Kabinet Art Organization<br \/>\nconceived and choreographed by: Ivana Kalc<br \/>\ncomposer: Enver Krivac<br \/>\nassistant choreographer: Mila \u010culjak<br \/>\ncostume designer: Taj\u010di \u010cekada<br \/>\nphotographer and camera operator: Karlo \u010cargonja<br \/>\ntechnician: Dino Markovi\u0107<br \/>\nMuseum IT specialist: Tihomir Tutek<br \/>\ncurator of the Recognizing Absence programme: Vana Govi\u0107<br \/>\norganizers: Kabinet Arts Organization and Maritime and History Museum of the Croatian Littoral Rijeka<br \/>\n<strong>premiere: 19 September 2020<\/strong><br \/>\n<strong>repeat performance: 20 September 2020<\/strong><br \/>\nAdmittance is free of charge, but the number of spectators will be limited, so please arrange your visit in advance by e-mail at lipapamti(at)ppmhp.hr or by phone at (091) 444-0142.<br \/>\nThe time of the premiere and repeat performance, as well as the requirements for attendance will be announced in due time and will comply with epidemiological measures effective on the opening date.<br \/>\nThe performance \u201cToday is Tomorrow\u2019s Yesterday\u201d is part of the Lipa Remembers Memorial Centre\u2019s Recognizing Absence programme.<br \/>\nThis is a site-specific modern dance performance created in Lipa\u2019s public space by means of a unique operating method called Viewpoints. The composition of the performance\u2019s elements was created by conceiving of space, time, narrative, emotions, movements and forms within the limits of Lipa\u2019s location and history. Lipa\u2019s tangible and intangible heritage thus becomes a stimulating framework for artistic exploration, analysis and creation of a dance routine. Documentation of the entire creative process with a video recording of the performance will be a component of the exhibition set up in the Lipa Remembers Memorial Centre on the date of the premiere, and it will continue until 15 November 2020.<br \/>\nThe artistic programme Recognizing Absence is dedicated to remembering the 269 slain residents of Lipa and the permanent accent on the destructive consequences of war and the failure to observe fundamental human rights. For the fourth consecutive year, the programme has presented artists from different disciplines who always approach Lipa\u2019s dark past differently, creating new value and meaning.<br \/>\nThe Kabinet Arts Organization was established in Rijeka in 2008 and is active in the performing arts (with emphasis on dance), exploring the potential of interdisciplinary collaboration with the visual arts and new media. The organization\u2019s art director is Ivana Kalc, while its performers are Tina Peri\u0107, Tereza Koro\u0161ec, Sanda Hunjak, Kristina \u017duvela, Taj\u010di \u010cekada, Nika Krajnovi\u0107, \u017deljka Rup\u010di\u0107, Morena Scotti Andri\u0107, Tihana Nagli\u0107 and Darija Morosi.<br \/>\n<strong>KRALJEVICA SHIPYARD MODEL COLLECTION<\/strong><br \/>\nVisits are possible by prior arrangement with the Museum and under the conditions stipulated by the Dalmont Shipyard in Kraljevica.<br \/>\nThe number of visitors is limited to three, or four if it is a group of persons in constant contact.<br \/>\n<strong>CICKINI ARCHAEOLOGICAL COLLECTION, ISLAND OF KRK<\/strong><br \/>\nVisits are possible by prior arrangement.<br \/>\nThe number of visitors is limited to two, or three if it is a group of persons in constant contact.<br \/>\n<strong>VIRTUAL MUSEUM<\/strong><br \/>\nThe Museum is present in the virtual world through its other content.<br \/>\nEvery day at our web sites, <a href=\"http:\/\/ppmhp.hr\/\">http:\/\/ppmhp.hr\/<\/a>, <a href=\"http:\/\/mzk.ppmhp.hr\/\">http:\/\/mzk.ppmhp.hr\/<\/a> and <a href=\"http:\/\/lipapamti.ppmhp.hr\/\">http:\/\/lipapamti.ppmhp.hr\/<\/a>, and at the Museum\u2019s Facebook page (<a href=\"https:\/\/www.facebook.com\/ppmhp\/\">https:\/\/www.facebook.com\/ppmhp\/<\/a>), we post interesting news about the Museum\u2019s work, texts and short video stories presenting the Museum, the former Governor\u2019s Palace which houses it, the Museum\u2019s rich inventory, and intriguing behind-the-scenes accounts.<br \/>\nWe also have a YouTube channel: <a href=\"https:\/\/www.youtube.com\/channel\/UC10rJeHJHvmD2CvfYv2FZRw\">https:\/\/www.youtube.com\/channel\/UC10rJeHJHvmD2CvfYv2FZRw<\/a>; and a TikTok page: <a href=\"https:\/\/www.tiktok.com\/@ppmhp\">https:\/\/www.tiktok.com\/@ppmhp<\/a>.<br \/>\n&nbsp;<\/p>\n","protected":false},"excerpt":{"rendered":"<p>The Maritime and History Museum of the Croatian Littoral Rijeka, with the consent of Primorje-Gorski Kotar County, made the Decision on Temporary Organization of Operations of the Maritime and History Museum of the Croatian Littoral Rijeka in compliance with the prevailing measures pursuant to the declaration of the COVID-19 epidemic which became effective on 15 [&hellip;]<\/p>\n","protected":false},"author":4,"featured_media":12879,"comment_status":"open","ping_status":"open","sticky":false,"template":"","format":"standard","meta":{"_acf_changed":false,"_et_pb_use_builder":"","_et_pb_old_content":"","_et_gb_content_width":"","inline_featured_image":false,"footnotes":""},"categories":[],"tags":[],"class_list":["post-11947","post","type-post","status-publish","format-standard","has-post-thumbnail","hentry"],"acf":[],"yoast_head":"<!-- This site is optimized with the Yoast SEO plugin v27.3 - https:\/\/yoast.com\/product\/yoast-seo-wordpress\/ -->\n<title>Events in September - Pomorski i povijesni muzej Hrvatskog primorja<\/title>\n<meta name=\"robots\" content=\"index, follow, max-snippet:-1, max-image-preview:large, max-video-preview:-1\" \/>\n<link rel=\"canonical\" href=\"https:\/\/ppmhp.hr\/en\/events-in-september-3\/\" \/>\n<meta property=\"og:locale\" content=\"en_US\" \/>\n<meta property=\"og:type\" content=\"article\" \/>\n<meta property=\"og:title\" content=\"Events in September - Pomorski i povijesni muzej Hrvatskog primorja\" \/>\n<meta property=\"og:description\" content=\"The Maritime and History Museum of the Croatian Littoral Rijeka, with the consent of Primorje-Gorski Kotar County, made the Decision on Temporary Organization of Operations of the Maritime and History Museum of the Croatian Littoral Rijeka in compliance with the prevailing measures pursuant to the declaration of the COVID-19 epidemic which became effective on 15 [&hellip;]\" \/>\n<meta property=\"og:url\" content=\"https:\/\/ppmhp.hr\/en\/events-in-september-3\/\" \/>\n<meta property=\"og:site_name\" content=\"Pomorski i povijesni muzej Hrvatskog primorja\" \/>\n<meta property=\"article:published_time\" content=\"2020-09-01T12:12:25+00:00\" \/>\n<meta property=\"og:image\" content=\"https:\/\/ppmhp.hr\/web\/wp-content\/uploads\/2020\/09\/600x332.jpg\" \/>\n\t<meta property=\"og:image:width\" content=\"600\" \/>\n\t<meta property=\"og:image:height\" content=\"332\" \/>\n\t<meta property=\"og:image:type\" content=\"image\/jpeg\" \/>\n<meta name=\"author\" content=\"ppmhp\" \/>\n<meta name=\"twitter:card\" content=\"summary_large_image\" \/>\n<meta name=\"twitter:label1\" content=\"Written by\" \/>\n\t<meta name=\"twitter:data1\" content=\"ppmhp\" \/>\n\t<meta name=\"twitter:label2\" content=\"Est. reading time\" \/>\n\t<meta name=\"twitter:data2\" content=\"12 minutes\" \/>\n<script type=\"application\/ld+json\" class=\"yoast-schema-graph\">{\"@context\":\"https:\\\/\\\/schema.org\",\"@graph\":[{\"@type\":\"Article\",\"@id\":\"https:\\\/\\\/ppmhp.hr\\\/en\\\/events-in-september-3\\\/#article\",\"isPartOf\":{\"@id\":\"https:\\\/\\\/ppmhp.hr\\\/en\\\/events-in-september-3\\\/\"},\"author\":{\"name\":\"ppmhp\",\"@id\":\"https:\\\/\\\/ppmhp.hr\\\/en\\\/#\\\/schema\\\/person\\\/2c03a34139d9602e966aa90909b9f130\"},\"headline\":\"Events in September\",\"datePublished\":\"2020-09-01T12:12:25+00:00\",\"mainEntityOfPage\":{\"@id\":\"https:\\\/\\\/ppmhp.hr\\\/en\\\/events-in-september-3\\\/\"},\"wordCount\":2374,\"commentCount\":0,\"image\":{\"@id\":\"https:\\\/\\\/ppmhp.hr\\\/en\\\/events-in-september-3\\\/#primaryimage\"},\"thumbnailUrl\":\"https:\\\/\\\/ppmhp.hr\\\/web\\\/wp-content\\\/uploads\\\/2020\\\/09\\\/600x332.jpg\",\"inLanguage\":\"en-US\",\"potentialAction\":[{\"@type\":\"CommentAction\",\"name\":\"Comment\",\"target\":[\"https:\\\/\\\/ppmhp.hr\\\/en\\\/events-in-september-3\\\/#respond\"]}]},{\"@type\":\"WebPage\",\"@id\":\"https:\\\/\\\/ppmhp.hr\\\/en\\\/events-in-september-3\\\/\",\"url\":\"https:\\\/\\\/ppmhp.hr\\\/en\\\/events-in-september-3\\\/\",\"name\":\"Events in September - Pomorski i povijesni muzej Hrvatskog primorja\",\"isPartOf\":{\"@id\":\"https:\\\/\\\/ppmhp.hr\\\/en\\\/#website\"},\"primaryImageOfPage\":{\"@id\":\"https:\\\/\\\/ppmhp.hr\\\/en\\\/events-in-september-3\\\/#primaryimage\"},\"image\":{\"@id\":\"https:\\\/\\\/ppmhp.hr\\\/en\\\/events-in-september-3\\\/#primaryimage\"},\"thumbnailUrl\":\"https:\\\/\\\/ppmhp.hr\\\/web\\\/wp-content\\\/uploads\\\/2020\\\/09\\\/600x332.jpg\",\"datePublished\":\"2020-09-01T12:12:25+00:00\",\"author\":{\"@id\":\"https:\\\/\\\/ppmhp.hr\\\/en\\\/#\\\/schema\\\/person\\\/2c03a34139d9602e966aa90909b9f130\"},\"breadcrumb\":{\"@id\":\"https:\\\/\\\/ppmhp.hr\\\/en\\\/events-in-september-3\\\/#breadcrumb\"},\"inLanguage\":\"en-US\",\"potentialAction\":[{\"@type\":\"ReadAction\",\"target\":[\"https:\\\/\\\/ppmhp.hr\\\/en\\\/events-in-september-3\\\/\"]}]},{\"@type\":\"ImageObject\",\"inLanguage\":\"en-US\",\"@id\":\"https:\\\/\\\/ppmhp.hr\\\/en\\\/events-in-september-3\\\/#primaryimage\",\"url\":\"https:\\\/\\\/ppmhp.hr\\\/web\\\/wp-content\\\/uploads\\\/2020\\\/09\\\/600x332.jpg\",\"contentUrl\":\"https:\\\/\\\/ppmhp.hr\\\/web\\\/wp-content\\\/uploads\\\/2020\\\/09\\\/600x332.jpg\",\"width\":600,\"height\":332},{\"@type\":\"BreadcrumbList\",\"@id\":\"https:\\\/\\\/ppmhp.hr\\\/en\\\/events-in-september-3\\\/#breadcrumb\",\"itemListElement\":[{\"@type\":\"ListItem\",\"position\":1,\"name\":\"Po\u010detna stranica\",\"item\":\"https:\\\/\\\/ppmhp.hr\\\/en\\\/\"},{\"@type\":\"ListItem\",\"position\":2,\"name\":\"Events in September\"}]},{\"@type\":\"WebSite\",\"@id\":\"https:\\\/\\\/ppmhp.hr\\\/en\\\/#website\",\"url\":\"https:\\\/\\\/ppmhp.hr\\\/en\\\/\",\"name\":\"Pomorski i povijesni muzej Hrvatskog primorja\",\"description\":\"Guvernerova Pala\u010da \\\/ Memorijalni centar Lipa pamti \\\/ Muzejska zbirka Kastav\u0161tine\",\"potentialAction\":[{\"@type\":\"SearchAction\",\"target\":{\"@type\":\"EntryPoint\",\"urlTemplate\":\"https:\\\/\\\/ppmhp.hr\\\/en\\\/?s={search_term_string}\"},\"query-input\":{\"@type\":\"PropertyValueSpecification\",\"valueRequired\":true,\"valueName\":\"search_term_string\"}}],\"inLanguage\":\"en-US\"},{\"@type\":\"Person\",\"@id\":\"https:\\\/\\\/ppmhp.hr\\\/en\\\/#\\\/schema\\\/person\\\/2c03a34139d9602e966aa90909b9f130\",\"name\":\"ppmhp\",\"image\":{\"@type\":\"ImageObject\",\"inLanguage\":\"en-US\",\"@id\":\"https:\\\/\\\/secure.gravatar.com\\\/avatar\\\/?s=96&d=mm&r=g\",\"url\":\"https:\\\/\\\/secure.gravatar.com\\\/avatar\\\/?s=96&d=mm&r=g\",\"contentUrl\":\"https:\\\/\\\/secure.gravatar.com\\\/avatar\\\/?s=96&d=mm&r=g\",\"caption\":\"ppmhp\"}}]}<\/script>\n<!-- \/ Yoast SEO plugin. -->","yoast_head_json":{"title":"Events in September - Pomorski i povijesni muzej Hrvatskog primorja","robots":{"index":"index","follow":"follow","max-snippet":"max-snippet:-1","max-image-preview":"max-image-preview:large","max-video-preview":"max-video-preview:-1"},"canonical":"https:\/\/ppmhp.hr\/en\/events-in-september-3\/","og_locale":"en_US","og_type":"article","og_title":"Events in September - Pomorski i povijesni muzej Hrvatskog primorja","og_description":"The Maritime and History Museum of the Croatian Littoral Rijeka, with the consent of Primorje-Gorski Kotar County, made the Decision on Temporary Organization of Operations of the Maritime and History Museum of the Croatian Littoral Rijeka in compliance with the prevailing measures pursuant to the declaration of the COVID-19 epidemic which became effective on 15 [&hellip;]","og_url":"https:\/\/ppmhp.hr\/en\/events-in-september-3\/","og_site_name":"Pomorski i povijesni muzej Hrvatskog primorja","article_published_time":"2020-09-01T12:12:25+00:00","og_image":[{"width":600,"height":332,"url":"https:\/\/ppmhp.hr\/web\/wp-content\/uploads\/2020\/09\/600x332.jpg","type":"image\/jpeg"}],"author":"ppmhp","twitter_card":"summary_large_image","twitter_misc":{"Written by":"ppmhp","Est. reading time":"12 minutes"},"schema":{"@context":"https:\/\/schema.org","@graph":[{"@type":"Article","@id":"https:\/\/ppmhp.hr\/en\/events-in-september-3\/#article","isPartOf":{"@id":"https:\/\/ppmhp.hr\/en\/events-in-september-3\/"},"author":{"name":"ppmhp","@id":"https:\/\/ppmhp.hr\/en\/#\/schema\/person\/2c03a34139d9602e966aa90909b9f130"},"headline":"Events in September","datePublished":"2020-09-01T12:12:25+00:00","mainEntityOfPage":{"@id":"https:\/\/ppmhp.hr\/en\/events-in-september-3\/"},"wordCount":2374,"commentCount":0,"image":{"@id":"https:\/\/ppmhp.hr\/en\/events-in-september-3\/#primaryimage"},"thumbnailUrl":"https:\/\/ppmhp.hr\/web\/wp-content\/uploads\/2020\/09\/600x332.jpg","inLanguage":"en-US","potentialAction":[{"@type":"CommentAction","name":"Comment","target":["https:\/\/ppmhp.hr\/en\/events-in-september-3\/#respond"]}]},{"@type":"WebPage","@id":"https:\/\/ppmhp.hr\/en\/events-in-september-3\/","url":"https:\/\/ppmhp.hr\/en\/events-in-september-3\/","name":"Events in September - Pomorski i povijesni muzej Hrvatskog primorja","isPartOf":{"@id":"https:\/\/ppmhp.hr\/en\/#website"},"primaryImageOfPage":{"@id":"https:\/\/ppmhp.hr\/en\/events-in-september-3\/#primaryimage"},"image":{"@id":"https:\/\/ppmhp.hr\/en\/events-in-september-3\/#primaryimage"},"thumbnailUrl":"https:\/\/ppmhp.hr\/web\/wp-content\/uploads\/2020\/09\/600x332.jpg","datePublished":"2020-09-01T12:12:25+00:00","author":{"@id":"https:\/\/ppmhp.hr\/en\/#\/schema\/person\/2c03a34139d9602e966aa90909b9f130"},"breadcrumb":{"@id":"https:\/\/ppmhp.hr\/en\/events-in-september-3\/#breadcrumb"},"inLanguage":"en-US","potentialAction":[{"@type":"ReadAction","target":["https:\/\/ppmhp.hr\/en\/events-in-september-3\/"]}]},{"@type":"ImageObject","inLanguage":"en-US","@id":"https:\/\/ppmhp.hr\/en\/events-in-september-3\/#primaryimage","url":"https:\/\/ppmhp.hr\/web\/wp-content\/uploads\/2020\/09\/600x332.jpg","contentUrl":"https:\/\/ppmhp.hr\/web\/wp-content\/uploads\/2020\/09\/600x332.jpg","width":600,"height":332},{"@type":"BreadcrumbList","@id":"https:\/\/ppmhp.hr\/en\/events-in-september-3\/#breadcrumb","itemListElement":[{"@type":"ListItem","position":1,"name":"Po\u010detna stranica","item":"https:\/\/ppmhp.hr\/en\/"},{"@type":"ListItem","position":2,"name":"Events in September"}]},{"@type":"WebSite","@id":"https:\/\/ppmhp.hr\/en\/#website","url":"https:\/\/ppmhp.hr\/en\/","name":"Pomorski i povijesni muzej Hrvatskog primorja","description":"Guvernerova Pala\u010da \/ Memorijalni centar Lipa pamti \/ Muzejska zbirka Kastav\u0161tine","potentialAction":[{"@type":"SearchAction","target":{"@type":"EntryPoint","urlTemplate":"https:\/\/ppmhp.hr\/en\/?s={search_term_string}"},"query-input":{"@type":"PropertyValueSpecification","valueRequired":true,"valueName":"search_term_string"}}],"inLanguage":"en-US"},{"@type":"Person","@id":"https:\/\/ppmhp.hr\/en\/#\/schema\/person\/2c03a34139d9602e966aa90909b9f130","name":"ppmhp","image":{"@type":"ImageObject","inLanguage":"en-US","@id":"https:\/\/secure.gravatar.com\/avatar\/?s=96&d=mm&r=g","url":"https:\/\/secure.gravatar.com\/avatar\/?s=96&d=mm&r=g","contentUrl":"https:\/\/secure.gravatar.com\/avatar\/?s=96&d=mm&r=g","caption":"ppmhp"}}]}},"_links":{"self":[{"href":"https:\/\/ppmhp.hr\/en\/wp-json\/wp\/v2\/posts\/11947","targetHints":{"allow":["GET"]}}],"collection":[{"href":"https:\/\/ppmhp.hr\/en\/wp-json\/wp\/v2\/posts"}],"about":[{"href":"https:\/\/ppmhp.hr\/en\/wp-json\/wp\/v2\/types\/post"}],"author":[{"embeddable":true,"href":"https:\/\/ppmhp.hr\/en\/wp-json\/wp\/v2\/users\/4"}],"replies":[{"embeddable":true,"href":"https:\/\/ppmhp.hr\/en\/wp-json\/wp\/v2\/comments?post=11947"}],"version-history":[{"count":0,"href":"https:\/\/ppmhp.hr\/en\/wp-json\/wp\/v2\/posts\/11947\/revisions"}],"wp:featuredmedia":[{"embeddable":true,"href":"https:\/\/ppmhp.hr\/en\/wp-json\/wp\/v2\/media\/12879"}],"wp:attachment":[{"href":"https:\/\/ppmhp.hr\/en\/wp-json\/wp\/v2\/media?parent=11947"}],"wp:term":[{"taxonomy":"category","embeddable":true,"href":"https:\/\/ppmhp.hr\/en\/wp-json\/wp\/v2\/categories?post=11947"},{"taxonomy":"post_tag","embeddable":true,"href":"https:\/\/ppmhp.hr\/en\/wp-json\/wp\/v2\/tags?post=11947"}],"curies":[{"name":"wp","href":"https:\/\/api.w.org\/{rel}","templated":true}]}}