{"id":11793,"date":"2019-06-07T12:17:06","date_gmt":"2019-06-07T10:17:06","guid":{"rendered":"https:\/\/ppmhp.hr\/web\/2019\/06\/07\/tempus-project-has-started\/"},"modified":"2019-06-07T12:17:06","modified_gmt":"2019-06-07T10:17:06","slug":"tempus-project-has-started","status":"publish","type":"post","link":"https:\/\/ppmhp.hr\/en\/tempus-project-has-started\/","title":{"rendered":"TEMPUS Project has started"},"content":{"rendered":"<p><img decoding=\"async\" class=\"wp-image-7996 alignleft lazyload\" data-src=\"https:\/\/ppmhp.hr\/web\/wp-content\/uploads\/2019\/07\/TEMPUS_rgb-1024x342.jpg\" alt=\"\" width=\"312\" height=\"104\" src=\"data:image\/svg+xml;base64,PHN2ZyB3aWR0aD0iMSIgaGVpZ2h0PSIxIiB4bWxucz0iaHR0cDovL3d3dy53My5vcmcvMjAwMC9zdmciPjwvc3ZnPg==\" style=\"--smush-placeholder-width: 312px; --smush-placeholder-aspect-ratio: 312\/104;\" \/><br \/>\n&nbsp;<br \/>\n&nbsp;<br \/>\n&nbsp;<br \/>\n&nbsp;<br \/>\nOn the 5th and 6th June 2019, nine partners from Italy and Croatia have gathered in Ravenna on the kick-off meeting of the TEMPUS project &#8211; Temporary USes as start-up actions to enhance port (in)tangible heritage, which has received funding from the Cross-Border Cooperation Programme INTERREG V-A Italy \u2013 Croatia.<br \/>\nDuring the kick-off meeting Project Team Members have discussed and agreed on internal transnational structures and procedures to be adopted for the activities implementation. The project startup will be coordinated by the Lead Partner (ITC-CNR), with the support of all partners&#8217; local Project and Finance Managers participating in to this first meeting.<br \/>\n<img decoding=\"async\" class=\"wp-image-7997 aligncenter lazyload\" data-src=\"https:\/\/ppmhp.hr\/web\/wp-content\/uploads\/2019\/07\/IMG_20190605_181605-1024x768.jpg\" alt=\"\" width=\"453\" height=\"340\" src=\"data:image\/svg+xml;base64,PHN2ZyB3aWR0aD0iMSIgaGVpZ2h0PSIxIiB4bWxucz0iaHR0cDovL3d3dy53My5vcmcvMjAwMC9zdmciPjwvc3ZnPg==\" style=\"--smush-placeholder-width: 453px; --smush-placeholder-aspect-ratio: 453\/340;\" \/><br \/>\nThe TEMPUS project aims at testing an experimental methodology for the urban regeneration of dismissed urban port areas, based on the co-creation of long-term, heritage-driven and community-led urban strategies. Thanks to deep social activation, cultural valorization and stakeholders\u2019 engagement, TEMPUS will activate temporary (re)uses within three pilot port areas (Ravenna, Solin, Rijeka), intended as trigger actions for the implementation of longer-term regeneration strategies.<br \/>\nThe Consortium is made of 9 partners: Institute for Construction Technologies &#8211; National Research Council of Italy acting as a Lead Partner, C.N.A. National confederation of handcrafts and of SMEs \u2013 Territorial association of Ravenna, Alma Mater Studiorum \u2013 University of Bologna, CERTIMAC \u2013 Building materials certification all from Italy; and Rijeka development agency Porin Ltd., Public Institution RERASD, City of Solin, Maritime and History museum of the Croatian littoral Rijeka, City of Rijeka all from Croatia.<br \/>\nTotal project budget: 2.706.920,00 \u20ac (ERDF: 2.300.882,00 \u20ac).<br \/>\nProject duration: 01\/01\/2019 \u2013 30\/06\/2021<\/p>\n","protected":false},"excerpt":{"rendered":"<p>&nbsp; &nbsp; &nbsp; &nbsp; On the 5th and 6th June 2019, nine partners from Italy and Croatia have gathered in Ravenna on the kick-off meeting of the TEMPUS project &#8211; Temporary USes as start-up actions to enhance port (in)tangible heritage, which has received funding from the Cross-Border Cooperation Programme INTERREG V-A Italy \u2013 Croatia. During [&hellip;]<\/p>\n","protected":false},"author":2,"featured_media":12744,"comment_status":"open","ping_status":"open","sticky":false,"template":"","format":"standard","meta":{"_acf_changed":false,"_et_pb_use_builder":"","_et_pb_old_content":"","_et_gb_content_width":"","inline_featured_image":false,"footnotes":""},"categories":[],"tags":[],"class_list":["post-11793","post","type-post","status-publish","format-standard","has-post-thumbnail","hentry"],"acf":[],"yoast_head":"<!-- This site is optimized with the Yoast SEO plugin v27.3 - https:\/\/yoast.com\/product\/yoast-seo-wordpress\/ -->\n<title>TEMPUS Project has started - Pomorski i povijesni muzej Hrvatskog primorja<\/title>\n<meta name=\"robots\" content=\"index, follow, max-snippet:-1, max-image-preview:large, max-video-preview:-1\" \/>\n<link rel=\"canonical\" href=\"https:\/\/ppmhp.hr\/en\/tempus-project-has-started\/\" \/>\n<meta property=\"og:locale\" content=\"en_US\" \/>\n<meta property=\"og:type\" content=\"article\" \/>\n<meta property=\"og:title\" content=\"TEMPUS Project has started - Pomorski i povijesni muzej Hrvatskog primorja\" \/>\n<meta property=\"og:description\" content=\"&nbsp; &nbsp; &nbsp; &nbsp; On the 5th and 6th June 2019, nine partners from Italy and Croatia have gathered in Ravenna on the kick-off meeting of the TEMPUS project &#8211; Temporary USes as start-up actions to enhance port (in)tangible heritage, which has received funding from the Cross-Border Cooperation Programme INTERREG V-A Italy \u2013 Croatia. During [&hellip;]\" \/>\n<meta property=\"og:url\" content=\"https:\/\/ppmhp.hr\/en\/tempus-project-has-started\/\" \/>\n<meta property=\"og:site_name\" content=\"Pomorski i povijesni muzej Hrvatskog primorja\" \/>\n<meta property=\"article:published_time\" content=\"2019-06-07T10:17:06+00:00\" \/>\n<meta property=\"og:image\" content=\"https:\/\/ppmhp.hr\/web\/wp-content\/uploads\/2019\/07\/TEMPUS_rgb.jpg\" \/>\n\t<meta property=\"og:image:width\" content=\"1772\" \/>\n\t<meta property=\"og:image:height\" content=\"592\" \/>\n\t<meta property=\"og:image:type\" content=\"image\/jpeg\" \/>\n<meta name=\"author\" content=\"Bernard Bla\u0161kovi\u0107\" \/>\n<meta name=\"twitter:card\" content=\"summary_large_image\" \/>\n<meta name=\"twitter:label1\" content=\"Written by\" \/>\n\t<meta name=\"twitter:data1\" content=\"Bernard Bla\u0161kovi\u0107\" \/>\n\t<meta name=\"twitter:label2\" content=\"Est. reading time\" \/>\n\t<meta name=\"twitter:data2\" content=\"1 minute\" \/>\n<script type=\"application\/ld+json\" class=\"yoast-schema-graph\">{\"@context\":\"https:\\\/\\\/schema.org\",\"@graph\":[{\"@type\":\"Article\",\"@id\":\"https:\\\/\\\/ppmhp.hr\\\/en\\\/tempus-project-has-started\\\/#article\",\"isPartOf\":{\"@id\":\"https:\\\/\\\/ppmhp.hr\\\/en\\\/tempus-project-has-started\\\/\"},\"author\":{\"name\":\"Bernard Bla\u0161kovi\u0107\",\"@id\":\"https:\\\/\\\/ppmhp.hr\\\/en\\\/#\\\/schema\\\/person\\\/ee7632ed68c902b6b5ce389e0193e396\"},\"headline\":\"TEMPUS Project has started\",\"datePublished\":\"2019-06-07T10:17:06+00:00\",\"mainEntityOfPage\":{\"@id\":\"https:\\\/\\\/ppmhp.hr\\\/en\\\/tempus-project-has-started\\\/\"},\"wordCount\":254,\"commentCount\":0,\"image\":{\"@id\":\"https:\\\/\\\/ppmhp.hr\\\/en\\\/tempus-project-has-started\\\/#primaryimage\"},\"thumbnailUrl\":\"https:\\\/\\\/ppmhp.hr\\\/web\\\/wp-content\\\/uploads\\\/2019\\\/07\\\/TEMPUS_rgb.jpg\",\"inLanguage\":\"en-US\",\"potentialAction\":[{\"@type\":\"CommentAction\",\"name\":\"Comment\",\"target\":[\"https:\\\/\\\/ppmhp.hr\\\/en\\\/tempus-project-has-started\\\/#respond\"]}]},{\"@type\":\"WebPage\",\"@id\":\"https:\\\/\\\/ppmhp.hr\\\/en\\\/tempus-project-has-started\\\/\",\"url\":\"https:\\\/\\\/ppmhp.hr\\\/en\\\/tempus-project-has-started\\\/\",\"name\":\"TEMPUS Project has started - Pomorski i povijesni muzej Hrvatskog primorja\",\"isPartOf\":{\"@id\":\"https:\\\/\\\/ppmhp.hr\\\/en\\\/#website\"},\"primaryImageOfPage\":{\"@id\":\"https:\\\/\\\/ppmhp.hr\\\/en\\\/tempus-project-has-started\\\/#primaryimage\"},\"image\":{\"@id\":\"https:\\\/\\\/ppmhp.hr\\\/en\\\/tempus-project-has-started\\\/#primaryimage\"},\"thumbnailUrl\":\"https:\\\/\\\/ppmhp.hr\\\/web\\\/wp-content\\\/uploads\\\/2019\\\/07\\\/TEMPUS_rgb.jpg\",\"datePublished\":\"2019-06-07T10:17:06+00:00\",\"author\":{\"@id\":\"https:\\\/\\\/ppmhp.hr\\\/en\\\/#\\\/schema\\\/person\\\/ee7632ed68c902b6b5ce389e0193e396\"},\"breadcrumb\":{\"@id\":\"https:\\\/\\\/ppmhp.hr\\\/en\\\/tempus-project-has-started\\\/#breadcrumb\"},\"inLanguage\":\"en-US\",\"potentialAction\":[{\"@type\":\"ReadAction\",\"target\":[\"https:\\\/\\\/ppmhp.hr\\\/en\\\/tempus-project-has-started\\\/\"]}]},{\"@type\":\"ImageObject\",\"inLanguage\":\"en-US\",\"@id\":\"https:\\\/\\\/ppmhp.hr\\\/en\\\/tempus-project-has-started\\\/#primaryimage\",\"url\":\"https:\\\/\\\/ppmhp.hr\\\/web\\\/wp-content\\\/uploads\\\/2019\\\/07\\\/TEMPUS_rgb.jpg\",\"contentUrl\":\"https:\\\/\\\/ppmhp.hr\\\/web\\\/wp-content\\\/uploads\\\/2019\\\/07\\\/TEMPUS_rgb.jpg\",\"width\":1772,\"height\":592},{\"@type\":\"BreadcrumbList\",\"@id\":\"https:\\\/\\\/ppmhp.hr\\\/en\\\/tempus-project-has-started\\\/#breadcrumb\",\"itemListElement\":[{\"@type\":\"ListItem\",\"position\":1,\"name\":\"Po\u010detna stranica\",\"item\":\"https:\\\/\\\/ppmhp.hr\\\/en\\\/\"},{\"@type\":\"ListItem\",\"position\":2,\"name\":\"TEMPUS Project has started\"}]},{\"@type\":\"WebSite\",\"@id\":\"https:\\\/\\\/ppmhp.hr\\\/en\\\/#website\",\"url\":\"https:\\\/\\\/ppmhp.hr\\\/en\\\/\",\"name\":\"Pomorski i povijesni muzej Hrvatskog primorja\",\"description\":\"Guvernerova Pala\u010da \\\/ Memorijalni centar Lipa pamti \\\/ Muzejska zbirka Kastav\u0161tine\",\"potentialAction\":[{\"@type\":\"SearchAction\",\"target\":{\"@type\":\"EntryPoint\",\"urlTemplate\":\"https:\\\/\\\/ppmhp.hr\\\/en\\\/?s={search_term_string}\"},\"query-input\":{\"@type\":\"PropertyValueSpecification\",\"valueRequired\":true,\"valueName\":\"search_term_string\"}}],\"inLanguage\":\"en-US\"},{\"@type\":\"Person\",\"@id\":\"https:\\\/\\\/ppmhp.hr\\\/en\\\/#\\\/schema\\\/person\\\/ee7632ed68c902b6b5ce389e0193e396\",\"name\":\"Bernard Bla\u0161kovi\u0107\",\"image\":{\"@type\":\"ImageObject\",\"inLanguage\":\"en-US\",\"@id\":\"https:\\\/\\\/secure.gravatar.com\\\/avatar\\\/cebd9d34339b4532e62e715004ed478442176f90fb340c35e2597ab70ca940a6?s=96&d=mm&r=g\",\"url\":\"https:\\\/\\\/secure.gravatar.com\\\/avatar\\\/cebd9d34339b4532e62e715004ed478442176f90fb340c35e2597ab70ca940a6?s=96&d=mm&r=g\",\"contentUrl\":\"https:\\\/\\\/secure.gravatar.com\\\/avatar\\\/cebd9d34339b4532e62e715004ed478442176f90fb340c35e2597ab70ca940a6?s=96&d=mm&r=g\",\"caption\":\"Bernard Bla\u0161kovi\u0107\"}}]}<\/script>\n<!-- \/ Yoast SEO plugin. -->","yoast_head_json":{"title":"TEMPUS Project has started - Pomorski i povijesni muzej Hrvatskog primorja","robots":{"index":"index","follow":"follow","max-snippet":"max-snippet:-1","max-image-preview":"max-image-preview:large","max-video-preview":"max-video-preview:-1"},"canonical":"https:\/\/ppmhp.hr\/en\/tempus-project-has-started\/","og_locale":"en_US","og_type":"article","og_title":"TEMPUS Project has started - Pomorski i povijesni muzej Hrvatskog primorja","og_description":"&nbsp; &nbsp; &nbsp; &nbsp; On the 5th and 6th June 2019, nine partners from Italy and Croatia have gathered in Ravenna on the kick-off meeting of the TEMPUS project &#8211; Temporary USes as start-up actions to enhance port (in)tangible heritage, which has received funding from the Cross-Border Cooperation Programme INTERREG V-A Italy \u2013 Croatia. During [&hellip;]","og_url":"https:\/\/ppmhp.hr\/en\/tempus-project-has-started\/","og_site_name":"Pomorski i povijesni muzej Hrvatskog primorja","article_published_time":"2019-06-07T10:17:06+00:00","og_image":[{"width":1772,"height":592,"url":"https:\/\/ppmhp.hr\/web\/wp-content\/uploads\/2019\/07\/TEMPUS_rgb.jpg","type":"image\/jpeg"}],"author":"Bernard Bla\u0161kovi\u0107","twitter_card":"summary_large_image","twitter_misc":{"Written by":"Bernard Bla\u0161kovi\u0107","Est. reading time":"1 minute"},"schema":{"@context":"https:\/\/schema.org","@graph":[{"@type":"Article","@id":"https:\/\/ppmhp.hr\/en\/tempus-project-has-started\/#article","isPartOf":{"@id":"https:\/\/ppmhp.hr\/en\/tempus-project-has-started\/"},"author":{"name":"Bernard Bla\u0161kovi\u0107","@id":"https:\/\/ppmhp.hr\/en\/#\/schema\/person\/ee7632ed68c902b6b5ce389e0193e396"},"headline":"TEMPUS Project has started","datePublished":"2019-06-07T10:17:06+00:00","mainEntityOfPage":{"@id":"https:\/\/ppmhp.hr\/en\/tempus-project-has-started\/"},"wordCount":254,"commentCount":0,"image":{"@id":"https:\/\/ppmhp.hr\/en\/tempus-project-has-started\/#primaryimage"},"thumbnailUrl":"https:\/\/ppmhp.hr\/web\/wp-content\/uploads\/2019\/07\/TEMPUS_rgb.jpg","inLanguage":"en-US","potentialAction":[{"@type":"CommentAction","name":"Comment","target":["https:\/\/ppmhp.hr\/en\/tempus-project-has-started\/#respond"]}]},{"@type":"WebPage","@id":"https:\/\/ppmhp.hr\/en\/tempus-project-has-started\/","url":"https:\/\/ppmhp.hr\/en\/tempus-project-has-started\/","name":"TEMPUS Project has started - Pomorski i povijesni muzej Hrvatskog primorja","isPartOf":{"@id":"https:\/\/ppmhp.hr\/en\/#website"},"primaryImageOfPage":{"@id":"https:\/\/ppmhp.hr\/en\/tempus-project-has-started\/#primaryimage"},"image":{"@id":"https:\/\/ppmhp.hr\/en\/tempus-project-has-started\/#primaryimage"},"thumbnailUrl":"https:\/\/ppmhp.hr\/web\/wp-content\/uploads\/2019\/07\/TEMPUS_rgb.jpg","datePublished":"2019-06-07T10:17:06+00:00","author":{"@id":"https:\/\/ppmhp.hr\/en\/#\/schema\/person\/ee7632ed68c902b6b5ce389e0193e396"},"breadcrumb":{"@id":"https:\/\/ppmhp.hr\/en\/tempus-project-has-started\/#breadcrumb"},"inLanguage":"en-US","potentialAction":[{"@type":"ReadAction","target":["https:\/\/ppmhp.hr\/en\/tempus-project-has-started\/"]}]},{"@type":"ImageObject","inLanguage":"en-US","@id":"https:\/\/ppmhp.hr\/en\/tempus-project-has-started\/#primaryimage","url":"https:\/\/ppmhp.hr\/web\/wp-content\/uploads\/2019\/07\/TEMPUS_rgb.jpg","contentUrl":"https:\/\/ppmhp.hr\/web\/wp-content\/uploads\/2019\/07\/TEMPUS_rgb.jpg","width":1772,"height":592},{"@type":"BreadcrumbList","@id":"https:\/\/ppmhp.hr\/en\/tempus-project-has-started\/#breadcrumb","itemListElement":[{"@type":"ListItem","position":1,"name":"Po\u010detna stranica","item":"https:\/\/ppmhp.hr\/en\/"},{"@type":"ListItem","position":2,"name":"TEMPUS Project has started"}]},{"@type":"WebSite","@id":"https:\/\/ppmhp.hr\/en\/#website","url":"https:\/\/ppmhp.hr\/en\/","name":"Pomorski i povijesni muzej Hrvatskog primorja","description":"Guvernerova Pala\u010da \/ Memorijalni centar Lipa pamti \/ Muzejska zbirka Kastav\u0161tine","potentialAction":[{"@type":"SearchAction","target":{"@type":"EntryPoint","urlTemplate":"https:\/\/ppmhp.hr\/en\/?s={search_term_string}"},"query-input":{"@type":"PropertyValueSpecification","valueRequired":true,"valueName":"search_term_string"}}],"inLanguage":"en-US"},{"@type":"Person","@id":"https:\/\/ppmhp.hr\/en\/#\/schema\/person\/ee7632ed68c902b6b5ce389e0193e396","name":"Bernard Bla\u0161kovi\u0107","image":{"@type":"ImageObject","inLanguage":"en-US","@id":"https:\/\/secure.gravatar.com\/avatar\/cebd9d34339b4532e62e715004ed478442176f90fb340c35e2597ab70ca940a6?s=96&d=mm&r=g","url":"https:\/\/secure.gravatar.com\/avatar\/cebd9d34339b4532e62e715004ed478442176f90fb340c35e2597ab70ca940a6?s=96&d=mm&r=g","contentUrl":"https:\/\/secure.gravatar.com\/avatar\/cebd9d34339b4532e62e715004ed478442176f90fb340c35e2597ab70ca940a6?s=96&d=mm&r=g","caption":"Bernard Bla\u0161kovi\u0107"}}]}},"_links":{"self":[{"href":"https:\/\/ppmhp.hr\/en\/wp-json\/wp\/v2\/posts\/11793","targetHints":{"allow":["GET"]}}],"collection":[{"href":"https:\/\/ppmhp.hr\/en\/wp-json\/wp\/v2\/posts"}],"about":[{"href":"https:\/\/ppmhp.hr\/en\/wp-json\/wp\/v2\/types\/post"}],"author":[{"embeddable":true,"href":"https:\/\/ppmhp.hr\/en\/wp-json\/wp\/v2\/users\/2"}],"replies":[{"embeddable":true,"href":"https:\/\/ppmhp.hr\/en\/wp-json\/wp\/v2\/comments?post=11793"}],"version-history":[{"count":0,"href":"https:\/\/ppmhp.hr\/en\/wp-json\/wp\/v2\/posts\/11793\/revisions"}],"wp:featuredmedia":[{"embeddable":true,"href":"https:\/\/ppmhp.hr\/en\/wp-json\/wp\/v2\/media\/12744"}],"wp:attachment":[{"href":"https:\/\/ppmhp.hr\/en\/wp-json\/wp\/v2\/media?parent=11793"}],"wp:term":[{"taxonomy":"category","embeddable":true,"href":"https:\/\/ppmhp.hr\/en\/wp-json\/wp\/v2\/categories?post=11793"},{"taxonomy":"post_tag","embeddable":true,"href":"https:\/\/ppmhp.hr\/en\/wp-json\/wp\/v2\/tags?post=11793"}],"curies":[{"name":"wp","href":"https:\/\/api.w.org\/{rel}","templated":true}]}}