{"id":11457,"date":"2016-03-10T15:35:43","date_gmt":"2016-03-10T14:35:43","guid":{"rendered":"https:\/\/ppmhp.hr\/web\/2016\/03\/10\/trznica-trbuh-grada\/"},"modified":"2022-05-02T16:50:17","modified_gmt":"2022-05-02T14:50:17","slug":"trznica-trbuh-grada","status":"publish","type":"post","link":"https:\/\/ppmhp.hr\/en\/trznica-trbuh-grada\/","title":{"rendered":"Tr\u017enica \u2013 trbuh grada"},"content":{"rendered":"<p class=\"western\" lang=\"zxx\" align=\"justify\"><span style=\"font-family: Calibri,sans-serif;\"><span style=\"font-size: medium;\">Odlazak na tr\u017enicu, <\/span><\/span><span style=\"font-family: Calibri,sans-serif;\"><span style=\"font-size: medium;\"><i>placu<\/i><\/span><\/span><span style=\"font-family: Calibri,sans-serif;\"><span style=\"font-size: medium;\">, <\/span><\/span><span style=\"font-family: Calibri,sans-serif;\"><span style=\"font-size: medium;\"><i>markat<\/i><\/span><\/span><span style=\"font-family: Calibri,sans-serif;\"><span style=\"font-size: medium;\"><span lang=\"hr-HR\"><i> (merkat)<\/i><\/span><\/span><\/span><span style=\"font-family: Calibri,sans-serif;\"><span style=\"font-size: medium;\">, <\/span><\/span><span style=\"font-family: Calibri,sans-serif;\"><span style=\"font-size: medium;\"><i>pijacu<\/i><\/span><\/span><span style=\"font-family: Calibri,sans-serif;\"><span style=\"font-size: medium;\"> dio je na\u0161e svakodnevice. Kupujemo svje\u017ee vo\u0107e i povr\u0107e, meso i ribu, jaja, sir i mlijeko. Razmjenjujemo recepte, tra\u017eimo savjet, komentiramo vrijeme, politi\u010dku i gospodarsku situaciju ili ju\u010dera\u0161nju TV emisiju. Poticajna energija tr\u017enice motivira nas da u toj skladnoj sinergiji boja, mirisa i zvukova prona\u0111emo &#8220;najbolju&#8221; namirnicu za ukusan obrok. <\/span><\/span><\/p>\n<p class=\"western\" lang=\"zxx\" align=\"justify\"><span style=\"color: #0000ff;\"><span style=\"color: #222222;\"><span style=\"font-family: Calibri,sans-serif;\"><span style=\"font-size: medium;\"><span lang=\"hr-HR\">Tr\u017enice imaju brojna zna\u010denja \u2013 od dru\u0161tvenoga do ekonomskog i turisti\u010dkog, ali to su prvenstveno mjesta komunikacije. U sebi imaju ne\u0161to univerzalno, no odlazak na tr\u017enicu ujedno je i izrazito individualan. Svatko ima svoj plan obilaska tr\u017enice. Vi mo\u017eda prvo kupujete povr\u0107e, netko \u017eeli kupiti ribu na kraju, netko \u017eeli popiti kavu s prijateljima. Koji je Va\u0161 plan?<\/span><\/span><\/span><\/span><\/span><\/p>\n<p class=\"western\" lang=\"zxx\" align=\"justify\"><span style=\"color: #0000ff;\"><span style=\"color: #000000;\"><span style=\"font-family: Calibri,sans-serif;\"><span style=\"font-size: medium;\"><span lang=\"hr-HR\">Gradske tr\u017enice svjedoci su ekonomskoga i dru\u0161tvenog razvoja grada, pokazatelji prilika u kojima \u017eive njegovi stanovnici.<\/span><\/span><\/span><\/span><\/span><span style=\"font-family: Calibri,sans-serif;\"><span style=\"font-size: medium;\"> Upravo se na ovom mjestu uspostavlja veza izme\u0111u ljudi i hrane putem neposrednog odnosa s proizvo\u0111a\u010dima <\/span><\/span><span style=\"font-family: Calibri,sans-serif;\"><span style=\"font-size: medium;\"><span lang=\"hr-HR\">i prodava\u010dima <\/span><\/span><\/span><span style=\"font-family: Calibri,sans-serif;\"><span style=\"font-size: medium;\">namirnica. To je mjesto dru\u017eenja, izmjene znanja i vje\u0161tina, razmjene recepata, komunikacije gra\u0111ana sa susjedima i lokalnom sredinom. U vremenu sve sna\u017enije globalizacije, gradske tr\u017enice predstavljaju svojevrsne <\/span><\/span><span style=\"font-family: Calibri,sans-serif;\"><span style=\"font-size: medium;\"><i>muzeje na otvorenom<\/i><\/span><\/span><span style=\"font-family: Calibri,sans-serif;\"><span style=\"font-size: medium;\">, <\/span><\/span><span style=\"font-family: Calibri,sans-serif;\"><span style=\"font-size: medium;\"><i>muzeje identiteta<\/i><\/span><\/span><span style=\"font-family: Calibri,sans-serif;\"><span style=\"font-size: medium;\"> u kojima je prezentirana lokalna tradicija. Iako nam se ponekad \u010dini da ondje &#8220;samo&#8221; nabavljamo namirnice, zapravo na tr\u017enicama otkrivamo identitet grada i njegovih stanovnika. Namirnice koje ondje kupujemo govore o vrlo va\u017enom aspektu nematerijalne kulture<\/span><\/span><span style=\"font-family: Calibri,sans-serif;\"><span style=\"font-size: medium;\"><span lang=\"hr-HR\"> \u2013 <\/span><\/span><\/span><span style=\"font-family: Calibri,sans-serif;\"><span style=\"font-size: medium;\">prehrani, stilske odlike arhitekure tr\u017enog prostora svjedo\u010de o kulturnim utjecajima, multikulturalni karakter dokumentira migratorni karakter lokalnog<\/span><\/span><span style=\"font-family: Calibri,sans-serif;\"><span style=\"font-size: medium;\"><span lang=\"hr-HR\">a<\/span><\/span><\/span><span style=\"font-family: Calibri,sans-serif;\"><span style=\"font-size: medium;\"> stanovni\u0161tva. Zna\u010daj tr\u017enice<\/span><\/span> <span style=\"font-family: Calibri,sans-serif;\"><span style=\"font-size: medium;\">o\u010dituje se <\/span><\/span><span style=\"font-family: Calibri,sans-serif;\"><span style=\"font-size: medium;\"><span lang=\"hr-HR\">ne <\/span><\/span><\/span><span style=\"font-family: Calibri,sans-serif;\"><span style=\"font-size: medium;\">samo u ponudi proizvoda koji su dostupni kupcima<\/span><\/span><span style=\"font-family: Calibri,sans-serif;\"><span style=\"font-size: medium;\"><span lang=\"hr-HR\"> ve\u0107<\/span><\/span><\/span><span style=\"font-family: Calibri,sans-serif;\"><span style=\"font-size: medium;\"> predstavlja i mjesto koje \u010duva &#8220;duh&#8221; grada i njegovu nematerijalnu tradiciju. <\/span><\/span><\/p>\n<p class=\"western\" lang=\"zxx\" align=\"justify\"><span style=\"font-family: Calibri,sans-serif;\"><span style=\"font-size: medium;\"><span lang=\"hr-HR\">Istra\u017euju\u0107i tr\u017enice u Rijeci i Puli cilj nije bio istaknuti samo specifi\u010dne zna\u010dajke tih tr\u017enica, ve\u0107 ukazati na univerzalnu temu odnosa kupaca i prodava\u010da koja je karakteristi\u010dna za sve tr\u017enice. Izlo\u017eba, popra\u0107ena stru\u010dnim predavanjima i radionicama, publici \u0107e biti predstavljena u sklopu manifestacije <\/span><\/span><\/span><span style=\"font-family: Calibri,sans-serif;\"><span style=\"font-size: medium;\"><span lang=\"hr-HR\"><i>Pazi \u0161to jede\u0161<\/i><\/span><\/span><\/span><span style=\"font-family: Calibri,sans-serif;\"><span style=\"font-size: medium;\"><span lang=\"hr-HR\"> kojom se promovira promi\u0161ljanje o zdravoj i tradicijskoj (lokalnoj) hrani, \u0161to je jedna od tema kojom se na\u0161e dru\u0161tvo bavi na lokalnom i globalnom nivou.<\/span><\/span><\/span><\/p>\n<p class=\"western\" lang=\"zxx\" align=\"justify\"><span style=\"font-family: Calibri,sans-serif;\"><span style=\"font-size: medium;\">Otvorenje izlo\u017ebe je 16. o\u017eujka 2016. u 12:00 sati, u izlo\u017ebenom prostoru Pomorskog i povijesnog muzeja Hrvatskog primorja Rijeka, Muzejski trg 1, Rijeka.<\/span><\/span><\/p>\n<p class=\"western\" lang=\"zxx\" align=\"justify\"><span style=\"font-family: Calibri,sans-serif;\"><span style=\"font-size: medium;\">Izlo\u017eba je ostvarena u suradnji Etnografskog muzeja Istre\/Museo Etnografico dell&#8217;Istria i Pomorskog i povijesnog muzeja Hrvatskog primorja Rijeka.<\/span><\/span><\/p>\n<p class=\"western\" lang=\"zxx\" align=\"justify\"><span style=\"font-family: Calibri,sans-serif;\"><span style=\"font-size: medium;\">Autorice: Tanja Kockovi\u0107 Zaborski, Ivana \u0160ari\u0107 \u017dic<\/span><\/span><\/p>\n<p class=\"western\" lang=\"zxx\" align=\"justify\"><span style=\"font-family: Calibri,sans-serif;\"><span style=\"font-size: medium;\">Izlo\u017eba ostaje otvorena do 24. svibnja 2016.<\/span><\/span><\/p>\n","protected":false},"excerpt":{"rendered":"<p>Odlazak na tr\u017enicu, placu, markat (merkat), pijacu dio je na\u0161e svakodnevice. Kupujemo svje\u017ee vo\u0107e i povr\u0107e, meso i ribu, jaja, sir i mlijeko. Razmjenjujemo recepte, tra\u017eimo savjet, komentiramo vrijeme, politi\u010dku i gospodarsku situaciju ili ju\u010dera\u0161nju TV emisiju. Poticajna energija tr\u017enice motivira nas da u toj skladnoj sinergiji boja, mirisa i zvukova prona\u0111emo &#8220;najbolju&#8221; namirnicu za [&hellip;]<\/p>\n","protected":false},"author":4,"featured_media":12388,"comment_status":"open","ping_status":"open","sticky":false,"template":"","format":"standard","meta":{"_acf_changed":false,"_et_pb_use_builder":"","_et_pb_old_content":"","_et_gb_content_width":"","inline_featured_image":false,"footnotes":""},"categories":[437],"tags":[],"class_list":["post-11457","post","type-post","status-publish","format-standard","has-post-thumbnail","hentry","category-exhibitions"],"acf":[],"yoast_head":"<!-- This site is optimized with the Yoast SEO plugin v27.3 - https:\/\/yoast.com\/product\/yoast-seo-wordpress\/ -->\n<title>Tr\u017enica \u2013 trbuh grada - Pomorski i povijesni muzej Hrvatskog primorja<\/title>\n<meta name=\"robots\" content=\"index, follow, max-snippet:-1, max-image-preview:large, max-video-preview:-1\" \/>\n<link rel=\"canonical\" href=\"https:\/\/ppmhp.hr\/en\/trznica-trbuh-grada\/\" \/>\n<meta property=\"og:locale\" content=\"en_US\" \/>\n<meta property=\"og:type\" content=\"article\" \/>\n<meta property=\"og:title\" content=\"Tr\u017enica \u2013 trbuh grada - Pomorski i povijesni muzej Hrvatskog primorja\" \/>\n<meta property=\"og:description\" content=\"Odlazak na tr\u017enicu, placu, markat (merkat), pijacu dio je na\u0161e svakodnevice. Kupujemo svje\u017ee vo\u0107e i povr\u0107e, meso i ribu, jaja, sir i mlijeko. Razmjenjujemo recepte, tra\u017eimo savjet, komentiramo vrijeme, politi\u010dku i gospodarsku situaciju ili ju\u010dera\u0161nju TV emisiju. Poticajna energija tr\u017enice motivira nas da u toj skladnoj sinergiji boja, mirisa i zvukova prona\u0111emo &#8220;najbolju&#8221; namirnicu za [&hellip;]\" \/>\n<meta property=\"og:url\" content=\"https:\/\/ppmhp.hr\/en\/trznica-trbuh-grada\/\" \/>\n<meta property=\"og:site_name\" content=\"Pomorski i povijesni muzej Hrvatskog primorja\" \/>\n<meta property=\"article:published_time\" content=\"2016-03-10T14:35:43+00:00\" \/>\n<meta property=\"article:modified_time\" content=\"2022-05-02T14:50:17+00:00\" \/>\n<meta property=\"og:image\" content=\"https:\/\/ppmhp.hr\/web\/wp-content\/uploads\/2016\/03\/fejs.jpg\" \/>\n\t<meta property=\"og:image:width\" content=\"600\" \/>\n\t<meta property=\"og:image:height\" content=\"332\" \/>\n\t<meta property=\"og:image:type\" content=\"image\/jpeg\" \/>\n<meta name=\"author\" content=\"ppmhp\" \/>\n<meta name=\"twitter:card\" content=\"summary_large_image\" \/>\n<meta name=\"twitter:label1\" content=\"Written by\" \/>\n\t<meta name=\"twitter:data1\" content=\"ppmhp\" \/>\n\t<meta name=\"twitter:label2\" content=\"Est. reading time\" \/>\n\t<meta name=\"twitter:data2\" content=\"2 minutes\" \/>\n<script type=\"application\/ld+json\" class=\"yoast-schema-graph\">{\"@context\":\"https:\\\/\\\/schema.org\",\"@graph\":[{\"@type\":\"Article\",\"@id\":\"https:\\\/\\\/ppmhp.hr\\\/en\\\/trznica-trbuh-grada\\\/#article\",\"isPartOf\":{\"@id\":\"https:\\\/\\\/ppmhp.hr\\\/en\\\/trznica-trbuh-grada\\\/\"},\"author\":{\"name\":\"ppmhp\",\"@id\":\"https:\\\/\\\/ppmhp.hr\\\/en\\\/#\\\/schema\\\/person\\\/2c03a34139d9602e966aa90909b9f130\"},\"headline\":\"Tr\u017enica \u2013 trbuh grada\",\"datePublished\":\"2016-03-10T14:35:43+00:00\",\"dateModified\":\"2022-05-02T14:50:17+00:00\",\"mainEntityOfPage\":{\"@id\":\"https:\\\/\\\/ppmhp.hr\\\/en\\\/trznica-trbuh-grada\\\/\"},\"wordCount\":444,\"commentCount\":0,\"image\":{\"@id\":\"https:\\\/\\\/ppmhp.hr\\\/en\\\/trznica-trbuh-grada\\\/#primaryimage\"},\"thumbnailUrl\":\"https:\\\/\\\/ppmhp.hr\\\/web\\\/wp-content\\\/uploads\\\/2016\\\/03\\\/fejs.jpg\",\"articleSection\":[\"Exhibitions\"],\"inLanguage\":\"en-US\",\"potentialAction\":[{\"@type\":\"CommentAction\",\"name\":\"Comment\",\"target\":[\"https:\\\/\\\/ppmhp.hr\\\/en\\\/trznica-trbuh-grada\\\/#respond\"]}]},{\"@type\":\"WebPage\",\"@id\":\"https:\\\/\\\/ppmhp.hr\\\/en\\\/trznica-trbuh-grada\\\/\",\"url\":\"https:\\\/\\\/ppmhp.hr\\\/en\\\/trznica-trbuh-grada\\\/\",\"name\":\"Tr\u017enica \u2013 trbuh grada - Pomorski i povijesni muzej Hrvatskog primorja\",\"isPartOf\":{\"@id\":\"https:\\\/\\\/ppmhp.hr\\\/en\\\/#website\"},\"primaryImageOfPage\":{\"@id\":\"https:\\\/\\\/ppmhp.hr\\\/en\\\/trznica-trbuh-grada\\\/#primaryimage\"},\"image\":{\"@id\":\"https:\\\/\\\/ppmhp.hr\\\/en\\\/trznica-trbuh-grada\\\/#primaryimage\"},\"thumbnailUrl\":\"https:\\\/\\\/ppmhp.hr\\\/web\\\/wp-content\\\/uploads\\\/2016\\\/03\\\/fejs.jpg\",\"datePublished\":\"2016-03-10T14:35:43+00:00\",\"dateModified\":\"2022-05-02T14:50:17+00:00\",\"author\":{\"@id\":\"https:\\\/\\\/ppmhp.hr\\\/en\\\/#\\\/schema\\\/person\\\/2c03a34139d9602e966aa90909b9f130\"},\"breadcrumb\":{\"@id\":\"https:\\\/\\\/ppmhp.hr\\\/en\\\/trznica-trbuh-grada\\\/#breadcrumb\"},\"inLanguage\":\"en-US\",\"potentialAction\":[{\"@type\":\"ReadAction\",\"target\":[\"https:\\\/\\\/ppmhp.hr\\\/en\\\/trznica-trbuh-grada\\\/\"]}]},{\"@type\":\"ImageObject\",\"inLanguage\":\"en-US\",\"@id\":\"https:\\\/\\\/ppmhp.hr\\\/en\\\/trznica-trbuh-grada\\\/#primaryimage\",\"url\":\"https:\\\/\\\/ppmhp.hr\\\/web\\\/wp-content\\\/uploads\\\/2016\\\/03\\\/fejs.jpg\",\"contentUrl\":\"https:\\\/\\\/ppmhp.hr\\\/web\\\/wp-content\\\/uploads\\\/2016\\\/03\\\/fejs.jpg\",\"width\":600,\"height\":332},{\"@type\":\"BreadcrumbList\",\"@id\":\"https:\\\/\\\/ppmhp.hr\\\/en\\\/trznica-trbuh-grada\\\/#breadcrumb\",\"itemListElement\":[{\"@type\":\"ListItem\",\"position\":1,\"name\":\"Po\u010detna stranica\",\"item\":\"https:\\\/\\\/ppmhp.hr\\\/en\\\/\"},{\"@type\":\"ListItem\",\"position\":2,\"name\":\"Tr\u017enica \u2013 trbuh grada\"}]},{\"@type\":\"WebSite\",\"@id\":\"https:\\\/\\\/ppmhp.hr\\\/en\\\/#website\",\"url\":\"https:\\\/\\\/ppmhp.hr\\\/en\\\/\",\"name\":\"Pomorski i povijesni muzej Hrvatskog primorja\",\"description\":\"Guvernerova Pala\u010da \\\/ Memorijalni centar Lipa pamti \\\/ Muzejska zbirka Kastav\u0161tine\",\"potentialAction\":[{\"@type\":\"SearchAction\",\"target\":{\"@type\":\"EntryPoint\",\"urlTemplate\":\"https:\\\/\\\/ppmhp.hr\\\/en\\\/?s={search_term_string}\"},\"query-input\":{\"@type\":\"PropertyValueSpecification\",\"valueRequired\":true,\"valueName\":\"search_term_string\"}}],\"inLanguage\":\"en-US\"},{\"@type\":\"Person\",\"@id\":\"https:\\\/\\\/ppmhp.hr\\\/en\\\/#\\\/schema\\\/person\\\/2c03a34139d9602e966aa90909b9f130\",\"name\":\"ppmhp\",\"image\":{\"@type\":\"ImageObject\",\"inLanguage\":\"en-US\",\"@id\":\"https:\\\/\\\/secure.gravatar.com\\\/avatar\\\/?s=96&d=mm&r=g\",\"url\":\"https:\\\/\\\/secure.gravatar.com\\\/avatar\\\/?s=96&d=mm&r=g\",\"contentUrl\":\"https:\\\/\\\/secure.gravatar.com\\\/avatar\\\/?s=96&d=mm&r=g\",\"caption\":\"ppmhp\"}}]}<\/script>\n<!-- \/ Yoast SEO plugin. -->","yoast_head_json":{"title":"Tr\u017enica \u2013 trbuh grada - Pomorski i povijesni muzej Hrvatskog primorja","robots":{"index":"index","follow":"follow","max-snippet":"max-snippet:-1","max-image-preview":"max-image-preview:large","max-video-preview":"max-video-preview:-1"},"canonical":"https:\/\/ppmhp.hr\/en\/trznica-trbuh-grada\/","og_locale":"en_US","og_type":"article","og_title":"Tr\u017enica \u2013 trbuh grada - Pomorski i povijesni muzej Hrvatskog primorja","og_description":"Odlazak na tr\u017enicu, placu, markat (merkat), pijacu dio je na\u0161e svakodnevice. Kupujemo svje\u017ee vo\u0107e i povr\u0107e, meso i ribu, jaja, sir i mlijeko. Razmjenjujemo recepte, tra\u017eimo savjet, komentiramo vrijeme, politi\u010dku i gospodarsku situaciju ili ju\u010dera\u0161nju TV emisiju. Poticajna energija tr\u017enice motivira nas da u toj skladnoj sinergiji boja, mirisa i zvukova prona\u0111emo &#8220;najbolju&#8221; namirnicu za [&hellip;]","og_url":"https:\/\/ppmhp.hr\/en\/trznica-trbuh-grada\/","og_site_name":"Pomorski i povijesni muzej Hrvatskog primorja","article_published_time":"2016-03-10T14:35:43+00:00","article_modified_time":"2022-05-02T14:50:17+00:00","og_image":[{"width":600,"height":332,"url":"https:\/\/ppmhp.hr\/web\/wp-content\/uploads\/2016\/03\/fejs.jpg","type":"image\/jpeg"}],"author":"ppmhp","twitter_card":"summary_large_image","twitter_misc":{"Written by":"ppmhp","Est. reading time":"2 minutes"},"schema":{"@context":"https:\/\/schema.org","@graph":[{"@type":"Article","@id":"https:\/\/ppmhp.hr\/en\/trznica-trbuh-grada\/#article","isPartOf":{"@id":"https:\/\/ppmhp.hr\/en\/trznica-trbuh-grada\/"},"author":{"name":"ppmhp","@id":"https:\/\/ppmhp.hr\/en\/#\/schema\/person\/2c03a34139d9602e966aa90909b9f130"},"headline":"Tr\u017enica \u2013 trbuh grada","datePublished":"2016-03-10T14:35:43+00:00","dateModified":"2022-05-02T14:50:17+00:00","mainEntityOfPage":{"@id":"https:\/\/ppmhp.hr\/en\/trznica-trbuh-grada\/"},"wordCount":444,"commentCount":0,"image":{"@id":"https:\/\/ppmhp.hr\/en\/trznica-trbuh-grada\/#primaryimage"},"thumbnailUrl":"https:\/\/ppmhp.hr\/web\/wp-content\/uploads\/2016\/03\/fejs.jpg","articleSection":["Exhibitions"],"inLanguage":"en-US","potentialAction":[{"@type":"CommentAction","name":"Comment","target":["https:\/\/ppmhp.hr\/en\/trznica-trbuh-grada\/#respond"]}]},{"@type":"WebPage","@id":"https:\/\/ppmhp.hr\/en\/trznica-trbuh-grada\/","url":"https:\/\/ppmhp.hr\/en\/trznica-trbuh-grada\/","name":"Tr\u017enica \u2013 trbuh grada - Pomorski i povijesni muzej Hrvatskog primorja","isPartOf":{"@id":"https:\/\/ppmhp.hr\/en\/#website"},"primaryImageOfPage":{"@id":"https:\/\/ppmhp.hr\/en\/trznica-trbuh-grada\/#primaryimage"},"image":{"@id":"https:\/\/ppmhp.hr\/en\/trznica-trbuh-grada\/#primaryimage"},"thumbnailUrl":"https:\/\/ppmhp.hr\/web\/wp-content\/uploads\/2016\/03\/fejs.jpg","datePublished":"2016-03-10T14:35:43+00:00","dateModified":"2022-05-02T14:50:17+00:00","author":{"@id":"https:\/\/ppmhp.hr\/en\/#\/schema\/person\/2c03a34139d9602e966aa90909b9f130"},"breadcrumb":{"@id":"https:\/\/ppmhp.hr\/en\/trznica-trbuh-grada\/#breadcrumb"},"inLanguage":"en-US","potentialAction":[{"@type":"ReadAction","target":["https:\/\/ppmhp.hr\/en\/trznica-trbuh-grada\/"]}]},{"@type":"ImageObject","inLanguage":"en-US","@id":"https:\/\/ppmhp.hr\/en\/trznica-trbuh-grada\/#primaryimage","url":"https:\/\/ppmhp.hr\/web\/wp-content\/uploads\/2016\/03\/fejs.jpg","contentUrl":"https:\/\/ppmhp.hr\/web\/wp-content\/uploads\/2016\/03\/fejs.jpg","width":600,"height":332},{"@type":"BreadcrumbList","@id":"https:\/\/ppmhp.hr\/en\/trznica-trbuh-grada\/#breadcrumb","itemListElement":[{"@type":"ListItem","position":1,"name":"Po\u010detna stranica","item":"https:\/\/ppmhp.hr\/en\/"},{"@type":"ListItem","position":2,"name":"Tr\u017enica \u2013 trbuh grada"}]},{"@type":"WebSite","@id":"https:\/\/ppmhp.hr\/en\/#website","url":"https:\/\/ppmhp.hr\/en\/","name":"Pomorski i povijesni muzej Hrvatskog primorja","description":"Guvernerova Pala\u010da \/ Memorijalni centar Lipa pamti \/ Muzejska zbirka Kastav\u0161tine","potentialAction":[{"@type":"SearchAction","target":{"@type":"EntryPoint","urlTemplate":"https:\/\/ppmhp.hr\/en\/?s={search_term_string}"},"query-input":{"@type":"PropertyValueSpecification","valueRequired":true,"valueName":"search_term_string"}}],"inLanguage":"en-US"},{"@type":"Person","@id":"https:\/\/ppmhp.hr\/en\/#\/schema\/person\/2c03a34139d9602e966aa90909b9f130","name":"ppmhp","image":{"@type":"ImageObject","inLanguage":"en-US","@id":"https:\/\/secure.gravatar.com\/avatar\/?s=96&d=mm&r=g","url":"https:\/\/secure.gravatar.com\/avatar\/?s=96&d=mm&r=g","contentUrl":"https:\/\/secure.gravatar.com\/avatar\/?s=96&d=mm&r=g","caption":"ppmhp"}}]}},"_links":{"self":[{"href":"https:\/\/ppmhp.hr\/en\/wp-json\/wp\/v2\/posts\/11457","targetHints":{"allow":["GET"]}}],"collection":[{"href":"https:\/\/ppmhp.hr\/en\/wp-json\/wp\/v2\/posts"}],"about":[{"href":"https:\/\/ppmhp.hr\/en\/wp-json\/wp\/v2\/types\/post"}],"author":[{"embeddable":true,"href":"https:\/\/ppmhp.hr\/en\/wp-json\/wp\/v2\/users\/4"}],"replies":[{"embeddable":true,"href":"https:\/\/ppmhp.hr\/en\/wp-json\/wp\/v2\/comments?post=11457"}],"version-history":[{"count":0,"href":"https:\/\/ppmhp.hr\/en\/wp-json\/wp\/v2\/posts\/11457\/revisions"}],"wp:featuredmedia":[{"embeddable":true,"href":"https:\/\/ppmhp.hr\/en\/wp-json\/wp\/v2\/media\/12388"}],"wp:attachment":[{"href":"https:\/\/ppmhp.hr\/en\/wp-json\/wp\/v2\/media?parent=11457"}],"wp:term":[{"taxonomy":"category","embeddable":true,"href":"https:\/\/ppmhp.hr\/en\/wp-json\/wp\/v2\/categories?post=11457"},{"taxonomy":"post_tag","embeddable":true,"href":"https:\/\/ppmhp.hr\/en\/wp-json\/wp\/v2\/tags?post=11457"}],"curies":[{"name":"wp","href":"https:\/\/api.w.org\/{rel}","templated":true}]}}